{"id":73577,"date":"2025-12-11T17:54:39","date_gmt":"2025-12-11T14:54:39","guid":{"rendered":"https:\/\/www.egemtv.com\/?p=73577"},"modified":"2025-12-11T17:54:39","modified_gmt":"2025-12-11T14:54:39","slug":"sehzadeler-belediye-baskani-durbayin-saglik-durumu-kritik","status":"publish","type":"post","link":"https:\/\/www.egemtv.com\/?p=73577","title":{"rendered":"\u015eehzadeler Belediye Ba\u015fkan\u0131 Durbay\u2019\u0131n sa\u011fl\u0131k durumu kritik"},"content":{"rendered":"<p>Manisa \u015eehir Hastanesi Ba\u015fhekimi Uzm. Dr. Serkan Saka, 11 g\u00fcnd\u00fcr yo\u011fun bak\u0131m \u00fcnitesinde tedavisi devam eden \u015eehzadeler Belediye Ba\u015fkan\u0131 G\u00fcl\u015fah Durbay\u2019\u0131n sa\u011fl\u0131k durumunun kritik seyretti\u011fini a\u00e7\u0131klad\u0131.<br \/>\n<br \/>Manisa \u015eehir Hastanesinde, kanser tedavisi g\u00f6r\u00fcrken \u00e7oklu organ yetmezli\u011fi tan\u0131s\u0131 konulan \u015eehzadeler Belediye Ba\u015fkan\u0131 G\u00fcl\u015fah Durbay\u2019\u0131n sa\u011fl\u0131k durumu hakk\u0131nda Manisa \u015eehir Hastanesi Ba\u015fhekimi Uzm. Dr. Serkan Saka taraf\u0131ndan a\u00e7\u0131klama yap\u0131ld\u0131. Saka, &#8220;\u015eehzadeler Belediye Ba\u015fkan\u0131 Say\u0131n G\u00fcl\u015fah Durbay\u2019\u0131n sa\u011fl\u0131k durumu kritik seyretmekte olup, hastam\u0131zda \u00e7oklu organ yetmezli\u011fi tablosu devam etmektedir. Tedavisi, yo\u011fun bak\u0131m ko\u015fullar\u0131nda gerekli destek tedavileri uygulanarak s\u00fcrd\u00fcr\u00fclmekte; hayati fonksiyonlar\u0131 yak\u0131ndan izlenmektedir&#8221; dedi.<br \/><\/p>\n","protected":false},"excerpt":{"rendered":"<p>Manisa \u015eehir Hastanesi Ba\u015fhekimi Uzm. Dr. Serkan Saka, 11 g\u00fcnd\u00fcr yo\u011fun bak\u0131m \u00fcnitesinde tedavisi devam eden \u015eehzadeler Belediye Ba\u015fkan\u0131 G\u00fcl\u015fah Durbay\u2019\u0131n sa\u011fl\u0131k durumunun kritik seyretti\u011fini a\u00e7\u0131klad\u0131. Manisa \u015eehir Hastanesinde, kanser tedavisi g\u00f6r\u00fcrken \u00e7oklu organ yetmezli\u011fi tan\u0131s\u0131 konulan \u015eehzadeler Belediye Ba\u015fkan\u0131 G\u00fcl\u015fah Durbay\u2019\u0131n sa\u011fl\u0131k durumu hakk\u0131nda Manisa \u015eehir Hastanesi Ba\u015fhekimi Uzm. Dr. Serkan Saka taraf\u0131ndan a\u00e7\u0131klama&#8230;<\/p>\n","protected":false},"author":1,"featured_media":73578,"comment_status":"open","ping_status":"open","sticky":false,"template":"","format":"standard","meta":{"_crdt_document":"","footnotes":""},"categories":[1],"tags":[],"class_list":["post-73577","post","type-post","status-publish","format-standard","has-post-thumbnail","hentry","category-guncel"],"_links":{"self":[{"href":"https:\/\/www.egemtv.com\/index.php?rest_route=\/wp\/v2\/posts\/73577","targetHints":{"allow":["GET"]}}],"collection":[{"href":"https:\/\/www.egemtv.com\/index.php?rest_route=\/wp\/v2\/posts"}],"about":[{"href":"https:\/\/www.egemtv.com\/index.php?rest_route=\/wp\/v2\/types\/post"}],"author":[{"embeddable":true,"href":"https:\/\/www.egemtv.com\/index.php?rest_route=\/wp\/v2\/users\/1"}],"replies":[{"embeddable":true,"href":"https:\/\/www.egemtv.com\/index.php?rest_route=%2Fwp%2Fv2%2Fcomments&post=73577"}],"version-history":[{"count":1,"href":"https:\/\/www.egemtv.com\/index.php?rest_route=\/wp\/v2\/posts\/73577\/revisions"}],"predecessor-version":[{"id":73579,"href":"https:\/\/www.egemtv.com\/index.php?rest_route=\/wp\/v2\/posts\/73577\/revisions\/73579"}],"wp:featuredmedia":[{"embeddable":true,"href":"https:\/\/www.egemtv.com\/index.php?rest_route=\/wp\/v2\/media\/73578"}],"wp:attachment":[{"href":"https:\/\/www.egemtv.com\/index.php?rest_route=%2Fwp%2Fv2%2Fmedia&parent=73577"}],"wp:term":[{"taxonomy":"category","embeddable":true,"href":"https:\/\/www.egemtv.com\/index.php?rest_route=%2Fwp%2Fv2%2Fcategories&post=73577"},{"taxonomy":"post_tag","embeddable":true,"href":"https:\/\/www.egemtv.com\/index.php?rest_route=%2Fwp%2Fv2%2Ftags&post=73577"}],"curies":[{"name":"wp","href":"https:\/\/api.w.org\/{rel}","templated":true}]}}