{"id":73574,"date":"2025-12-11T17:34:51","date_gmt":"2025-12-11T14:34:51","guid":{"rendered":"https:\/\/www.egemtv.com\/?p=73574"},"modified":"2025-12-11T17:34:52","modified_gmt":"2025-12-11T14:34:52","slug":"aren-bebegi-olesiye-darp-eden-caninin-yargilanmasina-devam-edildi","status":"publish","type":"post","link":"https:\/\/www.egemtv.com\/?p=73574","title":{"rendered":"Aren bebe\u011fi \u00f6lesiye darp eden caninin yarg\u0131lanmas\u0131na devam edildi"},"content":{"rendered":"<p>Denizli\u2019de Aren bebe\u011fin darp edilmesi \u00fczerine tutuklanan annenin sevgilisinin yarg\u0131lanmas\u0131na devam edildi.<br \/>\n<br \/>30 Nisan\u2019da Sarayk\u00f6y il\u00e7esine ba\u011fl\u0131 A\u015fa\u011f\u0131mahalle\u2019de meydana gelen olayda, e\u015finden bir s\u00fcre \u00f6nce bo\u015fanan S.B.D., ba\u015f\u0131, y\u00fcz\u00fc, s\u0131rt\u0131 ve v\u00fccudunun \u00e7e\u015fitli yerlerinde darp izleri bulunan 2 ya\u015f\u0131ndaki o\u011flu Aren\u2019i Sarayk\u00f6y Devlet Hastanesi\u2019ne getirdi. Ald\u0131\u011f\u0131 darbe nedeniyle sa\u011f g\u00f6z\u00fc tamamen kapanan ve sa\u011f kolunda yara olu\u015fan bebe\u011fin v\u00fccudunda olu\u015fan darp izlerinden \u015f\u00fcphelenen hastane personelinin durumu polis ekiplerine bildirmesi \u00fczerine ara\u015ft\u0131rma ba\u015flat\u0131ld\u0131. Konuyla ilgili olarak ifadesine ba\u015fvurulan anne S.B.D., \u00e7ocu\u011funu birlikte ya\u015fad\u0131\u011f\u0131 erkek arkada\u015f\u0131 S.D.\u2019nin darbetti\u011fini \u00f6ne s\u00fcrd\u00fc. Ya\u015fanan olay\u0131n ard\u0131ndan ba\u015flat\u0131lan soru\u015fturmada Aren bebek koruma alt\u0131na al\u0131n\u0131rken, S.D. tutuklanarak cezaevine g\u00f6nderildi.<br \/>\n<br \/>Olayla ilgili Sarayk\u00f6y 2. Asliye Ceza Mahkemesinde bug\u00fcn g\u00f6r\u00fclen 5. duru\u015fmada Aren bebe\u011fin avukat\u0131 Ecem \u00c7a\u011fatay, Aile ve Sosyal Politikalar Bakanl\u0131\u011f\u0131n\u0131n avukatlar\u0131, san\u0131k S.D.\u2019nin avukat\u0131 salonda haz\u0131r bulundu. San\u0131k S.D., tutuklu bulundu\u011fu cezaevinden SEGB\u0130S arac\u0131l\u0131\u011f\u0131yla duru\u015fmaya kat\u0131ld\u0131. Dosyada eksik hususlar\u0131n giderilmedi\u011fi gerek\u00e7esiyle duru\u015fma ertelendi.<br \/><\/p>\n","protected":false},"excerpt":{"rendered":"<p>Denizli\u2019de Aren bebe\u011fin darp edilmesi \u00fczerine tutuklanan annenin sevgilisinin yarg\u0131lanmas\u0131na devam edildi. 30 Nisan\u2019da Sarayk\u00f6y il\u00e7esine ba\u011fl\u0131 A\u015fa\u011f\u0131mahalle\u2019de meydana gelen olayda, e\u015finden bir s\u00fcre \u00f6nce bo\u015fanan S.B.D., ba\u015f\u0131, y\u00fcz\u00fc, s\u0131rt\u0131 ve v\u00fccudunun \u00e7e\u015fitli yerlerinde darp izleri bulunan 2 ya\u015f\u0131ndaki o\u011flu Aren\u2019i Sarayk\u00f6y Devlet Hastanesi\u2019ne getirdi. Ald\u0131\u011f\u0131 darbe nedeniyle sa\u011f g\u00f6z\u00fc tamamen kapanan ve sa\u011f kolunda&#8230;<\/p>\n","protected":false},"author":1,"featured_media":73575,"comment_status":"open","ping_status":"open","sticky":false,"template":"","format":"standard","meta":{"_crdt_document":"","footnotes":""},"categories":[5],"tags":[],"class_list":["post-73574","post","type-post","status-publish","format-standard","has-post-thumbnail","hentry","category-asayis"],"_links":{"self":[{"href":"https:\/\/www.egemtv.com\/index.php?rest_route=\/wp\/v2\/posts\/73574","targetHints":{"allow":["GET"]}}],"collection":[{"href":"https:\/\/www.egemtv.com\/index.php?rest_route=\/wp\/v2\/posts"}],"about":[{"href":"https:\/\/www.egemtv.com\/index.php?rest_route=\/wp\/v2\/types\/post"}],"author":[{"embeddable":true,"href":"https:\/\/www.egemtv.com\/index.php?rest_route=\/wp\/v2\/users\/1"}],"replies":[{"embeddable":true,"href":"https:\/\/www.egemtv.com\/index.php?rest_route=%2Fwp%2Fv2%2Fcomments&post=73574"}],"version-history":[{"count":1,"href":"https:\/\/www.egemtv.com\/index.php?rest_route=\/wp\/v2\/posts\/73574\/revisions"}],"predecessor-version":[{"id":73576,"href":"https:\/\/www.egemtv.com\/index.php?rest_route=\/wp\/v2\/posts\/73574\/revisions\/73576"}],"wp:featuredmedia":[{"embeddable":true,"href":"https:\/\/www.egemtv.com\/index.php?rest_route=\/wp\/v2\/media\/73575"}],"wp:attachment":[{"href":"https:\/\/www.egemtv.com\/index.php?rest_route=%2Fwp%2Fv2%2Fmedia&parent=73574"}],"wp:term":[{"taxonomy":"category","embeddable":true,"href":"https:\/\/www.egemtv.com\/index.php?rest_route=%2Fwp%2Fv2%2Fcategories&post=73574"},{"taxonomy":"post_tag","embeddable":true,"href":"https:\/\/www.egemtv.com\/index.php?rest_route=%2Fwp%2Fv2%2Ftags&post=73574"}],"curies":[{"name":"wp","href":"https:\/\/api.w.org\/{rel}","templated":true}]}}