{"id":73571,"date":"2025-12-11T17:34:50","date_gmt":"2025-12-11T14:34:50","guid":{"rendered":"https:\/\/www.egemtv.com\/?p=73571"},"modified":"2025-12-11T17:34:51","modified_gmt":"2025-12-11T14:34:51","slug":"aksi-kirilan-pikap-takla-atti","status":"publish","type":"post","link":"https:\/\/www.egemtv.com\/?p=73571","title":{"rendered":"Aks\u0131 k\u0131r\u0131lan pikap takla att\u0131"},"content":{"rendered":"<p>Denizli\u2019de aks\u0131 k\u0131r\u0131lan pikap d\u00fcz yolda takla att\u0131. Kazada yaralanan olmad\u0131.<br \/>\n<br \/>Kaza, \u00c7ivril il\u00e7esi Denizli karayolunda meydana geldi. Edinilen bilgilere g\u00f6re, Yakup a., idaresindeki 20 AGP 462 plakal\u0131 pikap ile seyir halindeyken, s\u00fcr\u00fcc\u00fc direksiyon hakimiyetini kaybetti. Karayolunda ref\u00fcje \u00e7arpan pikap takla att\u0131. \u00c7evredeki vatanda\u015flar\u0131n ihbar\u0131 \u00fczerine b\u00f6lgeye polis ve sa\u011fl\u0131k ekipleri sevk edildi. Sa\u011fl\u0131k ekipleri taraf\u0131ndan olay yerinde ilk m\u00fcdahalede bulunulan s\u00fcr\u00fcc\u00fc Yakup A., ve beraberindeki yolcunun sa\u011fl\u0131k durumunun iyi oldu\u011fu \u00f6\u011frenildi. Yap\u0131lan incelemeler neticesinde kazan\u0131n aks k\u0131r\u0131lmas\u0131 sonucu meydana geldi\u011fi belirlendi.<br \/>\n<br \/>Kazayla ilgili soru\u015fturma ba\u015flat\u0131ld\u0131.<br \/><\/p>\n","protected":false},"excerpt":{"rendered":"<p>Denizli\u2019de aks\u0131 k\u0131r\u0131lan pikap d\u00fcz yolda takla att\u0131. Kazada yaralanan olmad\u0131. Kaza, \u00c7ivril il\u00e7esi Denizli karayolunda meydana geldi. Edinilen bilgilere g\u00f6re, Yakup a., idaresindeki 20 AGP 462 plakal\u0131 pikap ile seyir halindeyken, s\u00fcr\u00fcc\u00fc direksiyon hakimiyetini kaybetti. Karayolunda ref\u00fcje \u00e7arpan pikap takla att\u0131. \u00c7evredeki vatanda\u015flar\u0131n ihbar\u0131 \u00fczerine b\u00f6lgeye polis ve sa\u011fl\u0131k ekipleri sevk edildi. Sa\u011fl\u0131k ekipleri&#8230;<\/p>\n","protected":false},"author":1,"featured_media":73572,"comment_status":"open","ping_status":"open","sticky":false,"template":"","format":"standard","meta":{"_crdt_document":"","footnotes":""},"categories":[5],"tags":[],"class_list":["post-73571","post","type-post","status-publish","format-standard","has-post-thumbnail","hentry","category-asayis"],"_links":{"self":[{"href":"https:\/\/www.egemtv.com\/index.php?rest_route=\/wp\/v2\/posts\/73571","targetHints":{"allow":["GET"]}}],"collection":[{"href":"https:\/\/www.egemtv.com\/index.php?rest_route=\/wp\/v2\/posts"}],"about":[{"href":"https:\/\/www.egemtv.com\/index.php?rest_route=\/wp\/v2\/types\/post"}],"author":[{"embeddable":true,"href":"https:\/\/www.egemtv.com\/index.php?rest_route=\/wp\/v2\/users\/1"}],"replies":[{"embeddable":true,"href":"https:\/\/www.egemtv.com\/index.php?rest_route=%2Fwp%2Fv2%2Fcomments&post=73571"}],"version-history":[{"count":1,"href":"https:\/\/www.egemtv.com\/index.php?rest_route=\/wp\/v2\/posts\/73571\/revisions"}],"predecessor-version":[{"id":73573,"href":"https:\/\/www.egemtv.com\/index.php?rest_route=\/wp\/v2\/posts\/73571\/revisions\/73573"}],"wp:featuredmedia":[{"embeddable":true,"href":"https:\/\/www.egemtv.com\/index.php?rest_route=\/wp\/v2\/media\/73572"}],"wp:attachment":[{"href":"https:\/\/www.egemtv.com\/index.php?rest_route=%2Fwp%2Fv2%2Fmedia&parent=73571"}],"wp:term":[{"taxonomy":"category","embeddable":true,"href":"https:\/\/www.egemtv.com\/index.php?rest_route=%2Fwp%2Fv2%2Fcategories&post=73571"},{"taxonomy":"post_tag","embeddable":true,"href":"https:\/\/www.egemtv.com\/index.php?rest_route=%2Fwp%2Fv2%2Ftags&post=73571"}],"curies":[{"name":"wp","href":"https:\/\/api.w.org\/{rel}","templated":true}]}}