{"id":73568,"date":"2025-12-11T17:34:49","date_gmt":"2025-12-11T14:34:49","guid":{"rendered":"https:\/\/www.egemtv.com\/?p=73568"},"modified":"2025-12-11T17:34:50","modified_gmt":"2025-12-11T14:34:50","slug":"izmirde-belediyenin-cop-kamyonu-yaya-gecidinde-kadini-ezdi","status":"publish","type":"post","link":"https:\/\/www.egemtv.com\/?p=73568","title":{"rendered":"\u0130zmir\u2019de belediyenin \u00e7\u00f6p kamyonu yaya ge\u00e7idinde kad\u0131n\u0131 ezdi"},"content":{"rendered":"<p>\u0130zmir\u2019in Kemalpa\u015fa il\u00e7esinde, yaya ge\u00e7idinden kar\u015f\u0131ya ge\u00e7en kad\u0131n, belediyeye ait \u00e7\u00f6p kamyonunun alt\u0131nda kald\u0131. 60 ya\u015f\u0131ndaki kad\u0131n, olay yerinde feci \u015fekilde hayat\u0131n\u0131 kaybetti.<br \/>\n<br \/>Olay, saat 16.00 s\u0131ralar\u0131nda Atat\u00fcrk Bulvar\u0131 \u00fczerinde meydana geldi. Edinilen bilgiye g\u00f6re, \u0130.Y. (47) y\u00f6netimindeki Kemalpa\u015fa Belediyesi\u2019ne ait 35 CNR 360 plakal\u0131 \u00e7\u00f6p kamyonu, yaya ge\u00e7idinden kar\u015f\u0131ya ge\u00e7meye \u00e7al\u0131\u015fan 60 ya\u015f\u0131ndaki T\u00fcrkan Budak\u2019a \u00e7arpt\u0131. \u00c7arpman\u0131n etkisiyle kamyonun alt\u0131nda kalan Budak, kanlar i\u00e7erisinde kald\u0131. Kazay\u0131 g\u00f6renlerin ihbar\u0131 \u00fczerine b\u00f6lgeye sa\u011fl\u0131k ve polis ekipleri sevk edildi. Yap\u0131lan incelemede Budak\u2019\u0131n hayat\u0131n\u0131 kaybetti\u011fi belirlenirken, talihsiz kad\u0131n\u0131n cenazesi, savc\u0131n\u0131n olay yerindeki incelemesinin ard\u0131ndan otopsi i\u00e7in Adli T\u0131p Kurumuna g\u00f6nderildi.<br \/>\n<br \/>Kaza nedeniyle Atat\u00fcrk Bulvar\u0131 bir s\u00fcre trafi\u011fe kapat\u0131l\u0131rken, ara\u00e7 s\u00fcr\u00fcc\u00fcs\u00fc \u0130.Y. polis ekipleri taraf\u0131ndan g\u00f6zalt\u0131na al\u0131nd\u0131. Olayla ilgili soru\u015fturma ba\u015flat\u0131ld\u0131.<br \/><\/p>\n","protected":false},"excerpt":{"rendered":"<p>\u0130zmir\u2019in Kemalpa\u015fa il\u00e7esinde, yaya ge\u00e7idinden kar\u015f\u0131ya ge\u00e7en kad\u0131n, belediyeye ait \u00e7\u00f6p kamyonunun alt\u0131nda kald\u0131. 60 ya\u015f\u0131ndaki kad\u0131n, olay yerinde feci \u015fekilde hayat\u0131n\u0131 kaybetti. Olay, saat 16.00 s\u0131ralar\u0131nda Atat\u00fcrk Bulvar\u0131 \u00fczerinde meydana geldi. Edinilen bilgiye g\u00f6re, \u0130.Y. (47) y\u00f6netimindeki Kemalpa\u015fa Belediyesi\u2019ne ait 35 CNR 360 plakal\u0131 \u00e7\u00f6p kamyonu, yaya ge\u00e7idinden kar\u015f\u0131ya ge\u00e7meye \u00e7al\u0131\u015fan 60 ya\u015f\u0131ndaki T\u00fcrkan&#8230;<\/p>\n","protected":false},"author":1,"featured_media":73569,"comment_status":"open","ping_status":"open","sticky":false,"template":"","format":"standard","meta":{"_crdt_document":"","footnotes":""},"categories":[5],"tags":[],"class_list":["post-73568","post","type-post","status-publish","format-standard","has-post-thumbnail","hentry","category-asayis"],"_links":{"self":[{"href":"https:\/\/www.egemtv.com\/index.php?rest_route=\/wp\/v2\/posts\/73568","targetHints":{"allow":["GET"]}}],"collection":[{"href":"https:\/\/www.egemtv.com\/index.php?rest_route=\/wp\/v2\/posts"}],"about":[{"href":"https:\/\/www.egemtv.com\/index.php?rest_route=\/wp\/v2\/types\/post"}],"author":[{"embeddable":true,"href":"https:\/\/www.egemtv.com\/index.php?rest_route=\/wp\/v2\/users\/1"}],"replies":[{"embeddable":true,"href":"https:\/\/www.egemtv.com\/index.php?rest_route=%2Fwp%2Fv2%2Fcomments&post=73568"}],"version-history":[{"count":1,"href":"https:\/\/www.egemtv.com\/index.php?rest_route=\/wp\/v2\/posts\/73568\/revisions"}],"predecessor-version":[{"id":73570,"href":"https:\/\/www.egemtv.com\/index.php?rest_route=\/wp\/v2\/posts\/73568\/revisions\/73570"}],"wp:featuredmedia":[{"embeddable":true,"href":"https:\/\/www.egemtv.com\/index.php?rest_route=\/wp\/v2\/media\/73569"}],"wp:attachment":[{"href":"https:\/\/www.egemtv.com\/index.php?rest_route=%2Fwp%2Fv2%2Fmedia&parent=73568"}],"wp:term":[{"taxonomy":"category","embeddable":true,"href":"https:\/\/www.egemtv.com\/index.php?rest_route=%2Fwp%2Fv2%2Fcategories&post=73568"},{"taxonomy":"post_tag","embeddable":true,"href":"https:\/\/www.egemtv.com\/index.php?rest_route=%2Fwp%2Fv2%2Ftags&post=73568"}],"curies":[{"name":"wp","href":"https:\/\/api.w.org\/{rel}","templated":true}]}}