{"id":73565,"date":"2025-12-11T17:34:48","date_gmt":"2025-12-11T14:34:48","guid":{"rendered":"https:\/\/www.egemtv.com\/?p=73565"},"modified":"2025-12-11T17:34:49","modified_gmt":"2025-12-11T14:34:49","slug":"baskan-gencay-pazar-esnafini-agirladi","status":"publish","type":"post","link":"https:\/\/www.egemtv.com\/?p=73565","title":{"rendered":"Ba\u015fkan Gen\u00e7ay, pazar esnaf\u0131n\u0131 a\u011f\u0131rlad\u0131"},"content":{"rendered":"<p>Didim Belediye Ba\u015fkan\u0131 Hatice Gen\u00e7ay, Balat, Akk\u00f6y ve Akyenik\u00f6y\u2019de faaliyet g\u00f6steren pazar esnaf\u0131n\u0131 makam\u0131nda a\u011f\u0131rlad\u0131.<\/p>\n<p>Ger\u00e7ekle\u015ftirilen ziyarette pazar alanlar\u0131n\u0131n mevcut durumu, esnaf\u0131n \u00e7al\u0131\u015fma \u015fartlar\u0131 ve halka daha nitelikli bir hizmet sunulmas\u0131na y\u00f6nelik talepler ele al\u0131nd\u0131. Ba\u015fkan Gen\u00e7ay, esnaf\u0131n g\u00f6r\u00fc\u015f ve \u00f6nerilerini dikkatle dinleyerek \u00e7\u00f6z\u00fcm odakl\u0131 i\u015f birli\u011finin \u00f6nemini vurgulad\u0131 ve kendilerine ziyaretten dolay\u0131 te\u015fekk\u00fcr etti.<br \/>\n<br \/>Ba\u015fkan Gen\u00e7ay g\u00f6r\u00fc\u015fme sonras\u0131 yapt\u0131\u011f\u0131 a\u00e7\u0131klamada, &#8220;Halk\u0131m\u0131z\u0131n ya\u015fam kalitesini y\u00fckselten her \u00e7al\u0131\u015fmada, sahadan gelen g\u00f6r\u00fc\u015flere de\u011fer veriyor ve birlikte daha g\u00fc\u00e7l\u00fc bir Didim i\u00e7in durmadan \u00e7al\u0131\u015f\u0131yoruz&#8221; dedi.<br \/><\/p>\n","protected":false},"excerpt":{"rendered":"<p>Didim Belediye Ba\u015fkan\u0131 Hatice Gen\u00e7ay, Balat, Akk\u00f6y ve Akyenik\u00f6y\u2019de faaliyet g\u00f6steren pazar esnaf\u0131n\u0131 makam\u0131nda a\u011f\u0131rlad\u0131. Ger\u00e7ekle\u015ftirilen ziyarette pazar alanlar\u0131n\u0131n mevcut durumu, esnaf\u0131n \u00e7al\u0131\u015fma \u015fartlar\u0131 ve halka daha nitelikli bir hizmet sunulmas\u0131na y\u00f6nelik talepler ele al\u0131nd\u0131. Ba\u015fkan Gen\u00e7ay, esnaf\u0131n g\u00f6r\u00fc\u015f ve \u00f6nerilerini dikkatle dinleyerek \u00e7\u00f6z\u00fcm odakl\u0131 i\u015f birli\u011finin \u00f6nemini vurgulad\u0131 ve kendilerine ziyaretten dolay\u0131 te\u015fekk\u00fcr etti&#8230;.<\/p>\n","protected":false},"author":1,"featured_media":73566,"comment_status":"open","ping_status":"open","sticky":false,"template":"","format":"standard","meta":{"_crdt_document":"","footnotes":""},"categories":[1],"tags":[],"class_list":["post-73565","post","type-post","status-publish","format-standard","has-post-thumbnail","hentry","category-guncel"],"_links":{"self":[{"href":"https:\/\/www.egemtv.com\/index.php?rest_route=\/wp\/v2\/posts\/73565","targetHints":{"allow":["GET"]}}],"collection":[{"href":"https:\/\/www.egemtv.com\/index.php?rest_route=\/wp\/v2\/posts"}],"about":[{"href":"https:\/\/www.egemtv.com\/index.php?rest_route=\/wp\/v2\/types\/post"}],"author":[{"embeddable":true,"href":"https:\/\/www.egemtv.com\/index.php?rest_route=\/wp\/v2\/users\/1"}],"replies":[{"embeddable":true,"href":"https:\/\/www.egemtv.com\/index.php?rest_route=%2Fwp%2Fv2%2Fcomments&post=73565"}],"version-history":[{"count":1,"href":"https:\/\/www.egemtv.com\/index.php?rest_route=\/wp\/v2\/posts\/73565\/revisions"}],"predecessor-version":[{"id":73567,"href":"https:\/\/www.egemtv.com\/index.php?rest_route=\/wp\/v2\/posts\/73565\/revisions\/73567"}],"wp:featuredmedia":[{"embeddable":true,"href":"https:\/\/www.egemtv.com\/index.php?rest_route=\/wp\/v2\/media\/73566"}],"wp:attachment":[{"href":"https:\/\/www.egemtv.com\/index.php?rest_route=%2Fwp%2Fv2%2Fmedia&parent=73565"}],"wp:term":[{"taxonomy":"category","embeddable":true,"href":"https:\/\/www.egemtv.com\/index.php?rest_route=%2Fwp%2Fv2%2Fcategories&post=73565"},{"taxonomy":"post_tag","embeddable":true,"href":"https:\/\/www.egemtv.com\/index.php?rest_route=%2Fwp%2Fv2%2Ftags&post=73565"}],"curies":[{"name":"wp","href":"https:\/\/api.w.org\/{rel}","templated":true}]}}