{"id":73562,"date":"2025-12-11T17:14:45","date_gmt":"2025-12-11T14:14:45","guid":{"rendered":"https:\/\/www.egemtv.com\/?p=73562"},"modified":"2025-12-11T17:14:46","modified_gmt":"2025-12-11T14:14:46","slug":"ciftcilerin-korkulu-ruyasi-gaspci-jandarmadan-kacamadi","status":"publish","type":"post","link":"https:\/\/www.egemtv.com\/?p=73562","title":{"rendered":"\u00c7ift\u00e7ilerin korkulu r\u00fcyas\u0131 gasp\u00e7\u0131 jandarmadan ka\u00e7amad\u0131"},"content":{"rendered":"<p>Manisa\u2019n\u0131n Ala\u015fehir il\u00e7esinde, son g\u00fcnlerde \u00fcz\u00fcm ba\u011flar\u0131nda \u00e7al\u0131\u015fan \u00e7ift\u00e7ilere y\u00f6nelik gasp olaylar\u0131na kar\u0131\u015ft\u0131\u011f\u0131 belirlenen ve 26,5 y\u0131l kesinle\u015fmi\u015f hapis cezas\u0131 bulunan gasp\u00e7\u0131, jandarman\u0131n titiz \u00e7al\u0131\u015fmas\u0131yla yakaland\u0131.<br \/>\n<br \/>Ala\u015fehir\u2019in Tepek\u00f6y, Caberfak\u0131l\u0131, Belenyaka, \u00dcz\u00fcml\u00fc, Killik, Sobran ve Sar\u0131g\u00f6l Ahmeta\u011fa mahallelerinden art arda gelen \u015fikayetler \u00fczerine harekete ge\u00e7en Ala\u015fehir \u0130l\u00e7e Jandarma Komutanl\u0131\u011f\u0131 ekipleri, b\u00f6lgede huzursuzlu\u011fa neden olan zanl\u0131n\u0131n pe\u015fine d\u00fc\u015ft\u00fc. Yakla\u015f\u0131k 120 farkl\u0131 g\u00fcvenlik kameras\u0131n\u0131 12 saat boyunca inceleyen ekipler, M.Y.D. (35) isimli \u015fahs\u0131n izini s\u00fcrd\u00fc. Son g\u00fcnlerde \u00fcz\u00fcm ba\u011flar\u0131nda yaln\u0131z \u00e7al\u0131\u015fan ki\u015filere arkadan yakla\u015farak maske ile y\u00fcz\u00fcn\u00fc gizledi\u011fi, bo\u011faz\u0131na sar\u0131ld\u0131\u011f\u0131, \u00fczerlerindeki paray\u0131 zorla al\u0131p ka\u00e7t\u0131\u011f\u0131 belirlenen \u015f\u00fcpheli, \u00c7ak\u0131rcaali Mahallesi mevkiinde sakland\u0131\u011f\u0131 ba\u011f evinde k\u0131sk\u0131vrak yakaland\u0131.<br \/>\n<br \/>G\u00f6zalt\u0131na al\u0131nan M.Y.D., jandarmadaki i\u015flemlerinin ard\u0131ndan sevk edildi\u011fi adliyede \u00e7\u0131kar\u0131ld\u0131\u011f\u0131 mahkemece tutuklanarak cezaevine g\u00f6nderildi.<br \/><\/p>\n","protected":false},"excerpt":{"rendered":"<p>Manisa\u2019n\u0131n Ala\u015fehir il\u00e7esinde, son g\u00fcnlerde \u00fcz\u00fcm ba\u011flar\u0131nda \u00e7al\u0131\u015fan \u00e7ift\u00e7ilere y\u00f6nelik gasp olaylar\u0131na kar\u0131\u015ft\u0131\u011f\u0131 belirlenen ve 26,5 y\u0131l kesinle\u015fmi\u015f hapis cezas\u0131 bulunan gasp\u00e7\u0131, jandarman\u0131n titiz \u00e7al\u0131\u015fmas\u0131yla yakaland\u0131. Ala\u015fehir\u2019in Tepek\u00f6y, Caberfak\u0131l\u0131, Belenyaka, \u00dcz\u00fcml\u00fc, Killik, Sobran ve Sar\u0131g\u00f6l Ahmeta\u011fa mahallelerinden art arda gelen \u015fikayetler \u00fczerine harekete ge\u00e7en Ala\u015fehir \u0130l\u00e7e Jandarma Komutanl\u0131\u011f\u0131 ekipleri, b\u00f6lgede huzursuzlu\u011fa neden olan zanl\u0131n\u0131n pe\u015fine&#8230;<\/p>\n","protected":false},"author":1,"featured_media":73563,"comment_status":"open","ping_status":"open","sticky":false,"template":"","format":"standard","meta":{"_crdt_document":"","footnotes":""},"categories":[5],"tags":[],"class_list":["post-73562","post","type-post","status-publish","format-standard","has-post-thumbnail","hentry","category-asayis"],"_links":{"self":[{"href":"https:\/\/www.egemtv.com\/index.php?rest_route=\/wp\/v2\/posts\/73562","targetHints":{"allow":["GET"]}}],"collection":[{"href":"https:\/\/www.egemtv.com\/index.php?rest_route=\/wp\/v2\/posts"}],"about":[{"href":"https:\/\/www.egemtv.com\/index.php?rest_route=\/wp\/v2\/types\/post"}],"author":[{"embeddable":true,"href":"https:\/\/www.egemtv.com\/index.php?rest_route=\/wp\/v2\/users\/1"}],"replies":[{"embeddable":true,"href":"https:\/\/www.egemtv.com\/index.php?rest_route=%2Fwp%2Fv2%2Fcomments&post=73562"}],"version-history":[{"count":1,"href":"https:\/\/www.egemtv.com\/index.php?rest_route=\/wp\/v2\/posts\/73562\/revisions"}],"predecessor-version":[{"id":73564,"href":"https:\/\/www.egemtv.com\/index.php?rest_route=\/wp\/v2\/posts\/73562\/revisions\/73564"}],"wp:featuredmedia":[{"embeddable":true,"href":"https:\/\/www.egemtv.com\/index.php?rest_route=\/wp\/v2\/media\/73563"}],"wp:attachment":[{"href":"https:\/\/www.egemtv.com\/index.php?rest_route=%2Fwp%2Fv2%2Fmedia&parent=73562"}],"wp:term":[{"taxonomy":"category","embeddable":true,"href":"https:\/\/www.egemtv.com\/index.php?rest_route=%2Fwp%2Fv2%2Fcategories&post=73562"},{"taxonomy":"post_tag","embeddable":true,"href":"https:\/\/www.egemtv.com\/index.php?rest_route=%2Fwp%2Fv2%2Ftags&post=73562"}],"curies":[{"name":"wp","href":"https:\/\/api.w.org\/{rel}","templated":true}]}}