{"id":73559,"date":"2025-12-11T16:55:39","date_gmt":"2025-12-11T13:55:39","guid":{"rendered":"https:\/\/www.egemtv.com\/?p=73559"},"modified":"2025-12-11T16:55:40","modified_gmt":"2025-12-11T13:55:40","slug":"muskiden-muglaya-75-milyar-tllik-altyapi-planlamasi","status":"publish","type":"post","link":"https:\/\/www.egemtv.com\/?p=73559","title":{"rendered":"MUSK\u0130\u2019den Mu\u011fla\u2019ya 75 Milyar TL\u2019lik altyap\u0131 planlamas\u0131"},"content":{"rendered":"<p>MUSK\u0130 Genel M\u00fcd\u00fcr\u00fc Y\u0131lmaz \u015eeng\u00fcl Milas\u2019\u0131n \u00d6ren Mahallesi\u2019nde tamamlanan at\u0131ksu ar\u0131tma tesisini ve tamamlanma a\u015famas\u0131nda olan kanalizasyon hat projesini inceledi. \u015eeng\u00fcl, y\u0131llard\u0131r \u00e7\u00f6z\u00fcm bekleyen \u00d6ren\u2019in kanalizasyon sorununu art\u0131k geride b\u0131rakt\u0131klar\u0131n\u0131 belirterek, MUSK\u0130\u2019nin projeleri ve yat\u0131r\u0131mlar\u0131yla ilgili \u00f6nemli a\u00e7\u0131klamalarda bulundu.<br \/>\n<br \/>B\u00fcy\u00fck\u015fehir Belediye Ba\u015fkan\u0131 Ahmet Aras\u2019\u0131n talimatlar\u0131 do\u011frultusunda, altyap\u0131y\u0131 g\u00fc\u00e7lendirerek do\u011fayla bar\u0131\u015f\u0131k bir kent hedefiyle projelerini s\u00fcrd\u00fcren Mu\u011fla B\u00fcy\u00fck\u015fehir Belediyesi Su ve Kanalizasyon \u0130daresi (MUSK\u0130) Genel M\u00fcd\u00fcr\u00fc Y\u0131lmaz \u015eeng\u00fcl, tamamlanan projeleri yerinde inceledi.<br \/>\n<br \/>\u00d6ren Mahallesi\u2019nde at\u0131ksu ar\u0131tma tesisi ve kanalizasyon altyap\u0131s\u0131 \u00e7al\u0131\u015fmalar\u0131n\u0131 yak\u0131ndan takip eden \u015eeng\u00fcl, gelecekteki projeler hakk\u0131nda da \u00f6nemli a\u00e7\u0131klamalar yapt\u0131.<br \/>\n<br \/>2029 y\u0131lsonuna kadar 75 Milyar TL\u2019lik yat\u0131r\u0131m<br \/>\n<br \/>MUSK\u0130\u2019nin altyap\u0131 \u00e7al\u0131\u015fmalar\u0131 kapsam\u0131nda 2026 y\u0131l\u0131 b\u00fct\u00e7esinin 14,5 milyar TL olarak Belediye Meclisinden ge\u00e7ti\u011fini hat\u0131rlatan \u015eeng\u00fcl, &#8220;Milas il\u00e7emiz, \u00d6ren mahallemizin en b\u00fcy\u00fck problemi olan kanalizasyon problemini \u00e7\u00f6zme a\u015famas\u0131na gelmi\u015f bulunmaktay\u0131z. \u015eu an 43 km\u2019lik kanalizasyon hatt\u0131m\u0131z bitmi\u015f durumda. \u0130ki adet terfi istasyonumuzun da devreye al\u0131nmas\u0131yla beraber art\u0131k \u00d6ren\u2019imiz kanalizasyona kavu\u015fmu\u015f olacak. Art\u0131k bundan sonra sezona kadar da parsel ba\u011flant\u0131lar\u0131n\u0131 alaca\u011f\u0131z. Kanalizasyonla ilgili, devreye al\u0131nmayla ilgili. Vatanda\u015flara duyurumuzu yapaca\u011f\u0131z. Bundan sonra da sitelerden, konutlardan ba\u011flant\u0131lar\u0131m\u0131z\u0131 da yapmaya ba\u015flay\u0131nca art\u0131k hi\u00e7bir s\u0131k\u0131nt\u0131m\u0131z kalmayacak. MUSK\u0130 Genel M\u00fcd\u00fcrl\u00fc\u011f\u00fc\u2019n\u00fcn 2026 b\u00fct\u00e7esi 14,5 milyar TL olarak belediye meclisimizden ge\u00e7ti. Bunun 6,5 milyar TL\u2019si yat\u0131r\u0131m b\u00fct\u00e7esidir. Bu \u00e7ok \u00e7ok \u00f6nemli bir rakam. Bizim Mu\u011fla\u2019da dokunmad\u0131\u011f\u0131m\u0131z mahallemiz, dokunmad\u0131\u011f\u0131m\u0131z il\u00e7emiz kalmayacak. 2029 y\u0131l\u0131 sonuna kadar da yakla\u015f\u0131k 75 milyar TL\u2019lik yat\u0131r\u0131m\u0131 Mu\u011fla\u2019m\u0131za kazand\u0131rm\u0131\u015f olaca\u011f\u0131z. Mu\u011fla\u2019m\u0131za hay\u0131rl\u0131 u\u011furlu olsun&#8221; dedi.<br \/><\/p>\n","protected":false},"excerpt":{"rendered":"<p>MUSK\u0130 Genel M\u00fcd\u00fcr\u00fc Y\u0131lmaz \u015eeng\u00fcl Milas\u2019\u0131n \u00d6ren Mahallesi\u2019nde tamamlanan at\u0131ksu ar\u0131tma tesisini ve tamamlanma a\u015famas\u0131nda olan kanalizasyon hat projesini inceledi. \u015eeng\u00fcl, y\u0131llard\u0131r \u00e7\u00f6z\u00fcm bekleyen \u00d6ren\u2019in kanalizasyon sorununu art\u0131k geride b\u0131rakt\u0131klar\u0131n\u0131 belirterek, MUSK\u0130\u2019nin projeleri ve yat\u0131r\u0131mlar\u0131yla ilgili \u00f6nemli a\u00e7\u0131klamalarda bulundu. B\u00fcy\u00fck\u015fehir Belediye Ba\u015fkan\u0131 Ahmet Aras\u2019\u0131n talimatlar\u0131 do\u011frultusunda, altyap\u0131y\u0131 g\u00fc\u00e7lendirerek do\u011fayla bar\u0131\u015f\u0131k bir kent hedefiyle projelerini s\u00fcrd\u00fcren&#8230;<\/p>\n","protected":false},"author":1,"featured_media":73560,"comment_status":"open","ping_status":"open","sticky":false,"template":"","format":"standard","meta":{"_crdt_document":"","footnotes":""},"categories":[125],"tags":[],"class_list":["post-73559","post","type-post","status-publish","format-standard","has-post-thumbnail","hentry","category-ekonomi"],"_links":{"self":[{"href":"https:\/\/www.egemtv.com\/index.php?rest_route=\/wp\/v2\/posts\/73559","targetHints":{"allow":["GET"]}}],"collection":[{"href":"https:\/\/www.egemtv.com\/index.php?rest_route=\/wp\/v2\/posts"}],"about":[{"href":"https:\/\/www.egemtv.com\/index.php?rest_route=\/wp\/v2\/types\/post"}],"author":[{"embeddable":true,"href":"https:\/\/www.egemtv.com\/index.php?rest_route=\/wp\/v2\/users\/1"}],"replies":[{"embeddable":true,"href":"https:\/\/www.egemtv.com\/index.php?rest_route=%2Fwp%2Fv2%2Fcomments&post=73559"}],"version-history":[{"count":1,"href":"https:\/\/www.egemtv.com\/index.php?rest_route=\/wp\/v2\/posts\/73559\/revisions"}],"predecessor-version":[{"id":73561,"href":"https:\/\/www.egemtv.com\/index.php?rest_route=\/wp\/v2\/posts\/73559\/revisions\/73561"}],"wp:featuredmedia":[{"embeddable":true,"href":"https:\/\/www.egemtv.com\/index.php?rest_route=\/wp\/v2\/media\/73560"}],"wp:attachment":[{"href":"https:\/\/www.egemtv.com\/index.php?rest_route=%2Fwp%2Fv2%2Fmedia&parent=73559"}],"wp:term":[{"taxonomy":"category","embeddable":true,"href":"https:\/\/www.egemtv.com\/index.php?rest_route=%2Fwp%2Fv2%2Fcategories&post=73559"},{"taxonomy":"post_tag","embeddable":true,"href":"https:\/\/www.egemtv.com\/index.php?rest_route=%2Fwp%2Fv2%2Ftags&post=73559"}],"curies":[{"name":"wp","href":"https:\/\/api.w.org\/{rel}","templated":true}]}}