{"id":73556,"date":"2025-12-11T16:55:38","date_gmt":"2025-12-11T13:55:38","guid":{"rendered":"https:\/\/www.egemtv.com\/?p=73556"},"modified":"2025-12-11T16:55:39","modified_gmt":"2025-12-11T13:55:39","slug":"soke-belediyesinin-atik-getirme-merkezine-bakanlik-onayi","status":"publish","type":"post","link":"https:\/\/www.egemtv.com\/?p=73556","title":{"rendered":"S\u00f6ke Belediyesi\u2019nin At\u0131k Getirme Merkezi\u2019ne Bakanl\u0131k onay\u0131"},"content":{"rendered":"<p>S\u00f6ke Belediyesi\u2019nin Kemalpa\u015fa Mahallesi \u00d6mer Koyuncuo\u011flu Caddesi \u00fczerinde bulunan ve 13 farkl\u0131 geri kazan\u0131labilir at\u0131k t\u00fcr\u00fcn\u00fcn ayr\u0131 \u015fekilde depolanabildi\u011fi tesis, \u00c7evre, \u015eehircilik ve \u0130klim De\u011fi\u015fikli\u011fi Bakanl\u0131\u011f\u0131 taraf\u0131ndan yap\u0131lan de\u011ferlendirmeler sonucunda &#8220;At\u0131k Getirme Merkezi&#8221; olarak resmen onayland\u0131.<\/p>\n<p>Bakanl\u0131\u011f\u0131n belirledi\u011fi kriterlere tam uyum sa\u011flayan tesis, Ayd\u0131n genelinde resmi onay alan \u00fc\u00e7\u00fcnc\u00fc At\u0131k Getirme Merkezi oldu. S\u00f6ke Belediyesi \u0130klim De\u011fi\u015fikli\u011fi ve S\u0131f\u0131r At\u0131k M\u00fcd\u00fcrl\u00fc\u011f\u00fc taraf\u0131ndan yap\u0131lan a\u00e7\u0131klamada; bu ad\u0131m\u0131n il\u00e7ede s\u00fcrd\u00fcr\u00fclebilir \u00e7evre uygulamalar\u0131n\u0131 g\u00fc\u00e7lendirdi\u011fini ve geri d\u00f6n\u00fc\u015f\u00fcm bilincine \u00f6nemli katk\u0131 sundu\u011funu belirtildi.<\/p>\n<p>Merkeze at\u0131k getirmek isteyen vatanda\u015flar hafta i\u00e7i her g\u00fcn 08.30 &#8211; 17.30 saatleri aras\u0131nda merkezi ziyaret edebiliyor. D\u00f6n\u00fc\u015f\u00fcm Kart sahibi vatanda\u015flar, At\u0131k Market\u2019te ge\u00e7erli olan puan y\u00fcklemelerini art\u0131k At\u0131k Getirme Merkezi \u00fczerinden de yapabiliyor.<\/p>\n<p>&#8220;\u00d6\u011frencilerden yo\u011fun ilgi&#8221;<br \/>\n<br \/>At\u0131k Getirme Merkezi, \u00f6\u011frenci gruplar\u0131 taraf\u0131ndan b\u00fcy\u00fck ilgi g\u00f6r\u00fcyor. Tesisi ziyaret eden \u00f6\u011frenciler, S\u00f6ke Belediyesi\u2019nin y\u00fcr\u00fctt\u00fc\u011f\u00fc \u00e7evresel faaliyetler, geri d\u00f6n\u00fc\u015f\u00fcm s\u00fcre\u00e7leri ve at\u0131k y\u00f6netimi konular\u0131nda yerinde bilgi edinme f\u0131rsat\u0131 buluyor.<\/p>\n<p>Geri d\u00f6n\u00fc\u015f\u00fcm ve s\u0131f\u0131r at\u0131k faaliyetlerini \u00e7ok \u00f6nemsediklerini belirten S\u00f6ke Belediye Ba\u015fkan\u0131 Dr. Mustafa \u0130berya Ar\u0131kan, &#8220;Geri d\u00f6n\u00fc\u015f\u00fcme katk\u0131 sa\u011flamak \u00fclke ekonomisine de b\u00fcy\u00fck katk\u0131 sa\u011flamak demek. Vatanda\u015flar\u0131m\u0131zla i\u015fbirli\u011fi i\u00e7inde y\u00fcr\u00fctt\u00fc\u011f\u00fcm\u00fcz faaliyetlerimizin yelpazesi her ge\u00e7en g\u00fcn b\u00fcy\u00fcyor. At\u0131k Getirme Merkezi\u2019nin Bakanl\u0131k onay\u0131, ge\u00e7ti\u011fimiz g\u00fcnlerde Bakanl\u0131\u011f\u0131n \u00f6rnek g\u00f6sterdi\u011fi uygulamalar aras\u0131nda yer almam\u0131z, do\u011fru ad\u0131mlar\u0131 att\u0131\u011f\u0131m\u0131z\u0131 tescilledi. \u00c7ocuklar\u0131m\u0131zdan ba\u015flay\u0131p, t\u00fcm halk\u0131m\u0131z\u0131n bu \u00e7al\u0131\u015fmalara destek vermesini bekliyoruz&#8221; dedi.<br \/><\/p>\n","protected":false},"excerpt":{"rendered":"<p>S\u00f6ke Belediyesi\u2019nin Kemalpa\u015fa Mahallesi \u00d6mer Koyuncuo\u011flu Caddesi \u00fczerinde bulunan ve 13 farkl\u0131 geri kazan\u0131labilir at\u0131k t\u00fcr\u00fcn\u00fcn ayr\u0131 \u015fekilde depolanabildi\u011fi tesis, \u00c7evre, \u015eehircilik ve \u0130klim De\u011fi\u015fikli\u011fi Bakanl\u0131\u011f\u0131 taraf\u0131ndan yap\u0131lan de\u011ferlendirmeler sonucunda &#8220;At\u0131k Getirme Merkezi&#8221; olarak resmen onayland\u0131. Bakanl\u0131\u011f\u0131n belirledi\u011fi kriterlere tam uyum sa\u011flayan tesis, Ayd\u0131n genelinde resmi onay alan \u00fc\u00e7\u00fcnc\u00fc At\u0131k Getirme Merkezi oldu. S\u00f6ke Belediyesi&#8230;<\/p>\n","protected":false},"author":1,"featured_media":73557,"comment_status":"open","ping_status":"open","sticky":false,"template":"","format":"standard","meta":{"_crdt_document":"","footnotes":""},"categories":[1],"tags":[],"class_list":["post-73556","post","type-post","status-publish","format-standard","has-post-thumbnail","hentry","category-guncel"],"_links":{"self":[{"href":"https:\/\/www.egemtv.com\/index.php?rest_route=\/wp\/v2\/posts\/73556","targetHints":{"allow":["GET"]}}],"collection":[{"href":"https:\/\/www.egemtv.com\/index.php?rest_route=\/wp\/v2\/posts"}],"about":[{"href":"https:\/\/www.egemtv.com\/index.php?rest_route=\/wp\/v2\/types\/post"}],"author":[{"embeddable":true,"href":"https:\/\/www.egemtv.com\/index.php?rest_route=\/wp\/v2\/users\/1"}],"replies":[{"embeddable":true,"href":"https:\/\/www.egemtv.com\/index.php?rest_route=%2Fwp%2Fv2%2Fcomments&post=73556"}],"version-history":[{"count":1,"href":"https:\/\/www.egemtv.com\/index.php?rest_route=\/wp\/v2\/posts\/73556\/revisions"}],"predecessor-version":[{"id":73558,"href":"https:\/\/www.egemtv.com\/index.php?rest_route=\/wp\/v2\/posts\/73556\/revisions\/73558"}],"wp:featuredmedia":[{"embeddable":true,"href":"https:\/\/www.egemtv.com\/index.php?rest_route=\/wp\/v2\/media\/73557"}],"wp:attachment":[{"href":"https:\/\/www.egemtv.com\/index.php?rest_route=%2Fwp%2Fv2%2Fmedia&parent=73556"}],"wp:term":[{"taxonomy":"category","embeddable":true,"href":"https:\/\/www.egemtv.com\/index.php?rest_route=%2Fwp%2Fv2%2Fcategories&post=73556"},{"taxonomy":"post_tag","embeddable":true,"href":"https:\/\/www.egemtv.com\/index.php?rest_route=%2Fwp%2Fv2%2Ftags&post=73556"}],"curies":[{"name":"wp","href":"https:\/\/api.w.org\/{rel}","templated":true}]}}