{"id":73553,"date":"2025-12-11T16:55:38","date_gmt":"2025-12-11T13:55:38","guid":{"rendered":"https:\/\/www.egemtv.com\/?p=73553"},"modified":"2025-12-11T16:55:38","modified_gmt":"2025-12-11T13:55:38","slug":"baskan-saygili-efes-antik-kent-kanal-projesini-yerinde-inceledi","status":"publish","type":"post","link":"https:\/\/www.egemtv.com\/?p=73553","title":{"rendered":"Ba\u015fkan Sayg\u0131l\u0131 Efes Antik Kent Kanal Projesi\u2019ni yerinde inceledi"},"content":{"rendered":"<p>Sel\u00e7uk\u2019ta UNESCO D\u00fcnya Miras\u0131 Listesi\u2019ndeki Efes Antik Kenti\u2019ni denizle bulu\u015fturacak B\u00fcy\u00fck Kanal Projesi\u2019ni yerinde inceleyen AK Parti \u0130zmir \u0130l Ba\u015fkan\u0131 Bilal Sayg\u0131l\u0131, &#8220;Toplam 3 milyar TL yat\u0131r\u0131m bedeline sahip Efes Antik Kent Kanal Projesi \u00fc\u00e7 etaptan olu\u015fuyor. 1. etap bitti; 2. etap devam ediyor. Efes, denizle yeniden bulu\u015fmas\u0131yla T\u00fcrkiye\u2019nin en \u00f6nemli turizm destinasyonlar\u0131ndan biri haline gelecek&#8221; ifadelerini kulland\u0131.<\/p>\n<p>AK Parti \u0130zmir \u0130l Ba\u015fkan\u0131 Bilal Sayg\u0131l\u0131, Sel\u00e7uk program\u0131 kapsam\u0131nda AK Parti Sel\u00e7uk \u0130l\u00e7e Ba\u015fkan\u0131 Hakan Bayrakl\u0131\u2019n\u0131n da e\u015flik etti\u011fi programda,  UNESCO D\u00fcnya Miras\u0131 Listesi\u2019ndeki Efes Antik Kenti\u2019ni denizle bulu\u015fturacak B\u00fcy\u00fck Kanal Projesi\u2019ni de yerinde inceledi. Ba\u015fkan Sayg\u0131l\u0131 yapt\u0131\u011f\u0131 a\u00e7\u0131klamada \u015fu ifadelere yer verdi: &#8220;Bu proje tamamland\u0131\u011f\u0131nda yaln\u0131zca Sel\u00e7uk de\u011fil, \u0130zmir ve \u00fclkemiz turizmi i\u00e7in de yeni bir d\u00f6nemin kap\u0131s\u0131 aralanacak. Efes\u2019in denizle yeniden bulu\u015fmas\u0131yla, ziyaret\u00e7iler \u00f6zel teknelerle antik kente ula\u015fabilecek. B\u00f6ylece Efes, T\u00fcrkiye\u2019nin en \u00f6nemli turizm destinasyonlar\u0131ndan biri haline gelecek. Proje sayesinde hem Sel\u00e7uk\u2019un de\u011feri y\u00fckselecek hem de b\u00f6lge ekonomisine dolayl\u0131 olarak b\u00fcy\u00fck katk\u0131lar sa\u011flanacak. Toplam 3 milyar TL yat\u0131r\u0131m bedeline sahip Efes Antik Kent Kanal Projesi \u00fc\u00e7 etaptan olu\u015fuyor: 1. etap olan altyap\u0131 yat\u0131r\u0131mlar\u0131 tamamland\u0131. Serapis Tap\u0131na\u011f\u0131 restorasyonla aya\u011fa kald\u0131r\u0131lmaya ba\u015fland\u0131. 7 Uyuyanlar Ma\u011faras\u0131\u2019ndaki \u00e7al\u0131\u015fmalar sona yakla\u015fm\u0131\u015f durumda. Liman b\u00f6l\u00fcm\u00fc tamamlanarak 1 milyar TL\u2019lik yat\u0131r\u0131m hayata ge\u00e7irildi. 2. etap kapsam\u0131nda Efes Kar\u015f\u0131lama Merkezi in\u015fa ediliyor; 180 otob\u00fcs kapasiteli otopark ve 61 d\u00fckkanla b\u00f6lgenin turizm potansiyeli g\u00fc\u00e7lendirilecek. 3. etapta ise buggie yollar\u0131, elektrik altyap\u0131s\u0131n\u0131n yenilenmesi ve peyzaj \u00e7al\u0131\u015fmalar\u0131 yer al\u0131yor. \u00d6te yandan Efes Antik Kent Kanal\u0131 Denize \u00c7\u0131k\u0131\u015f Yap\u0131lar\u0131 Projesi kapsam\u0131nda; 300 metre ve 275 metre uzunlu\u011funda iki adet dalgak\u0131ran in\u015faat\u0131 ile tarama \u00e7al\u0131\u015fmalar\u0131 ger\u00e7ekle\u015ftirilecek. Bu \u00f6nemli yat\u0131r\u0131m\u0131n ihalesi ge\u00e7ti\u011fimiz hafta, 4 Aral\u0131k\u2019ta yap\u0131l\u0131rken, s\u00fcre\u00e7 \u015fu anda ihale komisyonu karar a\u015famas\u0131ndad\u0131r. K\u00fclt\u00fcr ve Turizm Bakanl\u0131\u011f\u0131m\u0131z\u0131n \u2019Gece m\u00fczecili\u011fi\u2019 uygulamas\u0131yla Efes Antik Kenti art\u0131k g\u00fcn bat\u0131m\u0131ndan sonra da ziyaret edilebiliyor. Bu yeni uygulama ile Efes\u2019in b\u00fcy\u00fcs\u00fcn\u00fc g\u00fcn\u00fcn her saatinde ya\u015fanabilir k\u0131l\u0131yor. Cumhurba\u015fkan\u0131m\u0131z Say\u0131n Recep Tayyip Erdo\u011fan\u2019\u0131n liderli\u011finde, tarihine, k\u00fclt\u00fcr\u00fcne ve turizmine sahip \u00e7\u0131kan bir anlay\u0131\u015fla; AK Parti h\u00fck\u00fcmetleri, \u0130zmir\u2019in ve \u00fclkemizin kadim miras\u0131na de\u011fer katmaya devam ediyor.&#8221;<\/p>\n<p>&#8220;Sel\u00e7uklu \u00e7ift\u00e7ilerimiz, \u0130zmir\u2019in ve T\u00fcrkiye\u2019nin de\u011ferine de\u011fer kat\u0131yor&#8221;<br \/>\n<br \/>G\u00f6k\u00e7ealan Mahallesi\u2019nde, zeytin hasad\u0131na kat\u0131lan AK Parti \u0130zmir \u0130l Ba\u015fkan\u0131 Bilal Sayg\u0131l\u0131, &#8220;Sel\u00e7uk, bereketli topraklar\u0131yla sadece \u0130zmir\u2019in de\u011fil, T\u00fcrkiye\u2019nin de en k\u0131ymetli tar\u0131m merkezlerinden biridir. Zeytin, nar, mandalina, ayva, \u015feftali, \u00fcz\u00fcm, incir Her biri Sel\u00e7uk\u2019un verimli topraklar\u0131ndan do\u011fan, al\u0131n teriyle yo\u011frulmu\u015f bereketin simgesidir. \u00dcreticilerimizin eme\u011fiyle yeti\u015fen bu \u00fcr\u00fcnler, art\u0131k sadece \u00fclkemizin sofralar\u0131na de\u011fil, d\u00fcnyan\u0131n d\u00f6rt bir yan\u0131na ula\u015f\u0131yor. Sel\u00e7uklu \u00e7ift\u00e7ilerimiz, \u0130zmir\u2019in ve T\u00fcrkiye\u2019nin de\u011ferine de\u011fer kat\u0131yor. AK Parti h\u00fck\u00fcmetleri olarak \u00e7ift\u00e7imizin her zaman yan\u0131nda olduk, olmaya da devam edece\u011fiz. Sa\u011flad\u0131\u011f\u0131m\u0131z desteklerle \u00fcreticimizin elini g\u00fc\u00e7lendirdik; modern tar\u0131m\u0131, g\u00fc\u00e7l\u00fc \u00fcretimi ve ihracat vizyonunu hep birlikte b\u00fcy\u00fct\u00fcyoruz. \u00c7\u00fcnk\u00fc biz biliyoruz ki; bu \u00fclkenin bereketi, topra\u011f\u0131nda ve o topra\u011fa emek veren \u00e7ift\u00e7isindedir. Cumhurba\u015fkan\u0131m\u0131z Say\u0131n Recep Tayyip Erdo\u011fan\u2019\u0131n liderli\u011finde, emek verenin, \u00fcretenin, al\u0131n teri d\u00f6kenin yan\u0131nda olmaya; tar\u0131m\u0131yla, sanayisiyle, k\u00fclt\u00fcr\u00fcyle \u0130zmir\u2019i T\u00fcrkiye Y\u00fczy\u0131l\u0131\u2019n\u0131n \u00f6nc\u00fc \u015fehirlerinden biri yapmaya kararl\u0131y\u0131z&#8221; dedi.<br \/><\/p>\n","protected":false},"excerpt":{"rendered":"<p>Sel\u00e7uk\u2019ta UNESCO D\u00fcnya Miras\u0131 Listesi\u2019ndeki Efes Antik Kenti\u2019ni denizle bulu\u015fturacak B\u00fcy\u00fck Kanal Projesi\u2019ni yerinde inceleyen AK Parti \u0130zmir \u0130l Ba\u015fkan\u0131 Bilal Sayg\u0131l\u0131, &#8220;Toplam 3 milyar TL yat\u0131r\u0131m bedeline sahip Efes Antik Kent Kanal Projesi \u00fc\u00e7 etaptan olu\u015fuyor. 1. etap bitti; 2. etap devam ediyor. Efes, denizle yeniden bulu\u015fmas\u0131yla T\u00fcrkiye\u2019nin en \u00f6nemli turizm destinasyonlar\u0131ndan biri haline&#8230;<\/p>\n","protected":false},"author":1,"featured_media":73554,"comment_status":"open","ping_status":"open","sticky":false,"template":"","format":"standard","meta":{"_crdt_document":"","footnotes":""},"categories":[127],"tags":[],"class_list":["post-73553","post","type-post","status-publish","format-standard","has-post-thumbnail","hentry","category-siyaset"],"_links":{"self":[{"href":"https:\/\/www.egemtv.com\/index.php?rest_route=\/wp\/v2\/posts\/73553","targetHints":{"allow":["GET"]}}],"collection":[{"href":"https:\/\/www.egemtv.com\/index.php?rest_route=\/wp\/v2\/posts"}],"about":[{"href":"https:\/\/www.egemtv.com\/index.php?rest_route=\/wp\/v2\/types\/post"}],"author":[{"embeddable":true,"href":"https:\/\/www.egemtv.com\/index.php?rest_route=\/wp\/v2\/users\/1"}],"replies":[{"embeddable":true,"href":"https:\/\/www.egemtv.com\/index.php?rest_route=%2Fwp%2Fv2%2Fcomments&post=73553"}],"version-history":[{"count":1,"href":"https:\/\/www.egemtv.com\/index.php?rest_route=\/wp\/v2\/posts\/73553\/revisions"}],"predecessor-version":[{"id":73555,"href":"https:\/\/www.egemtv.com\/index.php?rest_route=\/wp\/v2\/posts\/73553\/revisions\/73555"}],"wp:featuredmedia":[{"embeddable":true,"href":"https:\/\/www.egemtv.com\/index.php?rest_route=\/wp\/v2\/media\/73554"}],"wp:attachment":[{"href":"https:\/\/www.egemtv.com\/index.php?rest_route=%2Fwp%2Fv2%2Fmedia&parent=73553"}],"wp:term":[{"taxonomy":"category","embeddable":true,"href":"https:\/\/www.egemtv.com\/index.php?rest_route=%2Fwp%2Fv2%2Fcategories&post=73553"},{"taxonomy":"post_tag","embeddable":true,"href":"https:\/\/www.egemtv.com\/index.php?rest_route=%2Fwp%2Fv2%2Ftags&post=73553"}],"curies":[{"name":"wp","href":"https:\/\/api.w.org\/{rel}","templated":true}]}}