{"id":73526,"date":"2025-12-11T15:15:04","date_gmt":"2025-12-11T12:15:04","guid":{"rendered":"https:\/\/www.egemtv.com\/?p=73526"},"modified":"2025-12-11T15:15:05","modified_gmt":"2025-12-11T12:15:05","slug":"simavda-volkan-kirbiyik-mahalle-baskani-oldu","status":"publish","type":"post","link":"https:\/\/www.egemtv.com\/?p=73526","title":{"rendered":"Simav\u2019da Volkan K\u0131rb\u0131y\u0131k mahalle ba\u015fkan\u0131 oldu"},"content":{"rendered":"<p>K\u00fctahya\u2019n\u0131n Simav il\u00e7esinin en b\u00fcy\u00fck mahallesi olan Murad\u0131nlar\u2019da, AK Parti Mahalle Ba\u015fkanl\u0131\u011f\u0131 g\u00f6revine Volkan K\u0131rb\u0131y\u0131k atand\u0131.<br \/>\n<br \/>AK Parti Simav \u0130l\u00e7e Ba\u015fkan\u0131 Orhan Akbo\u011fa\u2019n\u0131n takdirleriyle g\u00f6reve getirilen K\u0131rb\u0131y\u0131k, &#8220;Simav AK Parti \u0130l\u00e7e Ba\u015fkan\u0131m Orhan Akbo\u011fa ba\u015fkan\u0131m\u0131z\u0131n takdir ve tensipleriyle Murad\u0131nlar Mahallesi Ba\u015fkan\u0131 olarak atanm\u0131\u015f bulunmaktay\u0131m. Rabbim yar ve yard\u0131mc\u0131m\u0131z olsun. Mahallemize ve Simav\u2019\u0131m\u0131za hay\u0131rl\u0131 hizmetler yapmay\u0131 nasip etsin in\u015fallah&#8221; dedi.<br \/>\n<br \/>AK Parti Simav \u0130l\u00e7e Ba\u015fkan\u0131 Orhan Akbo\u011fa ise, yapt\u0131\u011f\u0131 a\u00e7\u0131klamada mahalle ba\u015fkanl\u0131\u011f\u0131na yap\u0131lan yeni atamalar\u0131n te\u015fkilat\u0131 daha da g\u00fc\u00e7lendirece\u011fini belirterek, &#8220;Yeni atanan mahalle ba\u015fkanlar\u0131m\u0131za hay\u0131rl\u0131 olsun diyorum. Tecr\u00fcbe ile yenilenmenin bulu\u015ftu\u011fu bu s\u00fcre\u00e7te, birlik ve dava bilinciyle Simav i\u00e7in \u00e7al\u0131\u015fmaya devam edece\u011fiz&#8221; dedi.<br \/><\/p>\n","protected":false},"excerpt":{"rendered":"<p>K\u00fctahya\u2019n\u0131n Simav il\u00e7esinin en b\u00fcy\u00fck mahallesi olan Murad\u0131nlar\u2019da, AK Parti Mahalle Ba\u015fkanl\u0131\u011f\u0131 g\u00f6revine Volkan K\u0131rb\u0131y\u0131k atand\u0131. AK Parti Simav \u0130l\u00e7e Ba\u015fkan\u0131 Orhan Akbo\u011fa\u2019n\u0131n takdirleriyle g\u00f6reve getirilen K\u0131rb\u0131y\u0131k, &#8220;Simav AK Parti \u0130l\u00e7e Ba\u015fkan\u0131m Orhan Akbo\u011fa ba\u015fkan\u0131m\u0131z\u0131n takdir ve tensipleriyle Murad\u0131nlar Mahallesi Ba\u015fkan\u0131 olarak atanm\u0131\u015f bulunmaktay\u0131m. Rabbim yar ve yard\u0131mc\u0131m\u0131z olsun. Mahallemize ve Simav\u2019\u0131m\u0131za hay\u0131rl\u0131 hizmetler yapmay\u0131&#8230;<\/p>\n","protected":false},"author":1,"featured_media":73527,"comment_status":"open","ping_status":"open","sticky":false,"template":"","format":"standard","meta":{"_crdt_document":"","footnotes":""},"categories":[127],"tags":[],"class_list":["post-73526","post","type-post","status-publish","format-standard","has-post-thumbnail","hentry","category-siyaset"],"_links":{"self":[{"href":"https:\/\/www.egemtv.com\/index.php?rest_route=\/wp\/v2\/posts\/73526","targetHints":{"allow":["GET"]}}],"collection":[{"href":"https:\/\/www.egemtv.com\/index.php?rest_route=\/wp\/v2\/posts"}],"about":[{"href":"https:\/\/www.egemtv.com\/index.php?rest_route=\/wp\/v2\/types\/post"}],"author":[{"embeddable":true,"href":"https:\/\/www.egemtv.com\/index.php?rest_route=\/wp\/v2\/users\/1"}],"replies":[{"embeddable":true,"href":"https:\/\/www.egemtv.com\/index.php?rest_route=%2Fwp%2Fv2%2Fcomments&post=73526"}],"version-history":[{"count":1,"href":"https:\/\/www.egemtv.com\/index.php?rest_route=\/wp\/v2\/posts\/73526\/revisions"}],"predecessor-version":[{"id":73528,"href":"https:\/\/www.egemtv.com\/index.php?rest_route=\/wp\/v2\/posts\/73526\/revisions\/73528"}],"wp:featuredmedia":[{"embeddable":true,"href":"https:\/\/www.egemtv.com\/index.php?rest_route=\/wp\/v2\/media\/73527"}],"wp:attachment":[{"href":"https:\/\/www.egemtv.com\/index.php?rest_route=%2Fwp%2Fv2%2Fmedia&parent=73526"}],"wp:term":[{"taxonomy":"category","embeddable":true,"href":"https:\/\/www.egemtv.com\/index.php?rest_route=%2Fwp%2Fv2%2Fcategories&post=73526"},{"taxonomy":"post_tag","embeddable":true,"href":"https:\/\/www.egemtv.com\/index.php?rest_route=%2Fwp%2Fv2%2Ftags&post=73526"}],"curies":[{"name":"wp","href":"https:\/\/api.w.org\/{rel}","templated":true}]}}