{"id":73523,"date":"2025-12-11T15:15:03","date_gmt":"2025-12-11T12:15:03","guid":{"rendered":"https:\/\/www.egemtv.com\/?p=73523"},"modified":"2025-12-11T15:15:04","modified_gmt":"2025-12-11T12:15:04","slug":"sarigolde-ova-yollari-duzenleniyor","status":"publish","type":"post","link":"https:\/\/www.egemtv.com\/?p=73523","title":{"rendered":"Sar\u0131g\u00f6l\u2019de ova yollar\u0131 d\u00fczenleniyor"},"content":{"rendered":"<p>Manisa\u2019n\u0131n Sar\u0131g\u00f6l il\u00e7esinde k\u0131rsal mahallelerde vatanda\u015flar\u0131n yo\u011fun olarak kulland\u0131\u011f\u0131 ova yollar\u0131n\u0131n daha kullan\u0131\u015fl\u0131 hale getirilmesi i\u00e7in \u00e7al\u0131\u015fma ba\u015flat\u0131ld\u0131.<br \/>\n<br \/>Sar\u0131g\u00f6l\u2019\u00fcn k\u0131rsal mahalle sakinlerinin AK Parti Sar\u0131g\u00f6l \u0130l\u00e7e Ba\u015fkanl\u0131\u011f\u0131na yapt\u0131klar\u0131 ova yollar\u0131n\u0131n d\u00fczenlenmesi talebi \u00fczerine harekete ge\u00e7en il\u00e7e te\u015fkilat\u0131, talepleri Orman \u0130\u015fletme \u015eefli\u011fine iletti. Sar\u0131g\u00f6l \u0130l\u00e7e Orman \u015eefli\u011fi ekipleri, greyder ve kep\u00e7e deste\u011fiyle ova yollar\u0131n\u0131n d\u00fczenlenmesine ba\u015flad\u0131.<br \/>\n<br \/>\u0130lk etap \u00e7al\u0131\u015fmalar\u0131n\u0131n Dada\u011fl\u0131 Mahallesi\u2019nde ba\u015flat\u0131ld\u0131\u011f\u0131n\u0131 belirten AK Parti Sar\u0131g\u00f6l \u0130l\u00e7e Ba\u015fkan\u0131 Nihat Demirci, k\u0131rsal\u0131n ihtiya\u00e7lar\u0131n\u0131 kar\u015f\u0131lamaya devam edeceklerini s\u00f6yledi.<br \/>\n<br \/>Ba\u015fkan Demirci, yapt\u0131\u011f\u0131 a\u00e7\u0131klamada, &#8220;Mahallelerimizden gelen talepler do\u011frultusunda Orman \u015eefli\u011fimizle koordineli \u015fekilde ova yollar\u0131m\u0131z\u0131n iyile\u015ftirilmesine ba\u015flad\u0131k. \u0130lk olarak Dada\u011fl\u0131 Mahallemizde \u00e7al\u0131\u015fma y\u00fcr\u00fct\u00fcyoruz. Di\u011fer k\u0131rsal mahallelerimizde de d\u00fczenlemeler peyderpey yap\u0131lacak&#8221; dedi.<br \/>\n<br \/>\u00c7al\u0131\u015fmalar\u0131n k\u0131sa s\u00fcrede tamamlanarak vatanda\u015flar\u0131n daha g\u00fcvenli ve rahat ula\u015f\u0131m sa\u011flamas\u0131n\u0131n hedeflendi\u011fi bildirildi.<br \/><\/p>\n","protected":false},"excerpt":{"rendered":"<p>Manisa\u2019n\u0131n Sar\u0131g\u00f6l il\u00e7esinde k\u0131rsal mahallelerde vatanda\u015flar\u0131n yo\u011fun olarak kulland\u0131\u011f\u0131 ova yollar\u0131n\u0131n daha kullan\u0131\u015fl\u0131 hale getirilmesi i\u00e7in \u00e7al\u0131\u015fma ba\u015flat\u0131ld\u0131. Sar\u0131g\u00f6l\u2019\u00fcn k\u0131rsal mahalle sakinlerinin AK Parti Sar\u0131g\u00f6l \u0130l\u00e7e Ba\u015fkanl\u0131\u011f\u0131na yapt\u0131klar\u0131 ova yollar\u0131n\u0131n d\u00fczenlenmesi talebi \u00fczerine harekete ge\u00e7en il\u00e7e te\u015fkilat\u0131, talepleri Orman \u0130\u015fletme \u015eefli\u011fine iletti. Sar\u0131g\u00f6l \u0130l\u00e7e Orman \u015eefli\u011fi ekipleri, greyder ve kep\u00e7e deste\u011fiyle ova yollar\u0131n\u0131n d\u00fczenlenmesine ba\u015flad\u0131&#8230;.<\/p>\n","protected":false},"author":1,"featured_media":73524,"comment_status":"open","ping_status":"open","sticky":false,"template":"","format":"standard","meta":{"_crdt_document":"","footnotes":""},"categories":[125],"tags":[],"class_list":["post-73523","post","type-post","status-publish","format-standard","has-post-thumbnail","hentry","category-ekonomi"],"_links":{"self":[{"href":"https:\/\/www.egemtv.com\/index.php?rest_route=\/wp\/v2\/posts\/73523","targetHints":{"allow":["GET"]}}],"collection":[{"href":"https:\/\/www.egemtv.com\/index.php?rest_route=\/wp\/v2\/posts"}],"about":[{"href":"https:\/\/www.egemtv.com\/index.php?rest_route=\/wp\/v2\/types\/post"}],"author":[{"embeddable":true,"href":"https:\/\/www.egemtv.com\/index.php?rest_route=\/wp\/v2\/users\/1"}],"replies":[{"embeddable":true,"href":"https:\/\/www.egemtv.com\/index.php?rest_route=%2Fwp%2Fv2%2Fcomments&post=73523"}],"version-history":[{"count":1,"href":"https:\/\/www.egemtv.com\/index.php?rest_route=\/wp\/v2\/posts\/73523\/revisions"}],"predecessor-version":[{"id":73525,"href":"https:\/\/www.egemtv.com\/index.php?rest_route=\/wp\/v2\/posts\/73523\/revisions\/73525"}],"wp:featuredmedia":[{"embeddable":true,"href":"https:\/\/www.egemtv.com\/index.php?rest_route=\/wp\/v2\/media\/73524"}],"wp:attachment":[{"href":"https:\/\/www.egemtv.com\/index.php?rest_route=%2Fwp%2Fv2%2Fmedia&parent=73523"}],"wp:term":[{"taxonomy":"category","embeddable":true,"href":"https:\/\/www.egemtv.com\/index.php?rest_route=%2Fwp%2Fv2%2Fcategories&post=73523"},{"taxonomy":"post_tag","embeddable":true,"href":"https:\/\/www.egemtv.com\/index.php?rest_route=%2Fwp%2Fv2%2Ftags&post=73523"}],"curies":[{"name":"wp","href":"https:\/\/api.w.org\/{rel}","templated":true}]}}