{"id":73520,"date":"2025-12-11T15:15:01","date_gmt":"2025-12-11T12:15:01","guid":{"rendered":"https:\/\/www.egemtv.com\/?p=73520"},"modified":"2025-12-11T15:15:03","modified_gmt":"2025-12-11T12:15:03","slug":"kosk-3-geleneksel-minik-sefler-etkinligi-buyuk-ilgi-gordu","status":"publish","type":"post","link":"https:\/\/www.egemtv.com\/?p=73520","title":{"rendered":"K\u00f6\u015fk 3. Geleneksel Minik \u015eefler Etkinli\u011fi b\u00fcy\u00fck ilgi g\u00f6rd\u00fc"},"content":{"rendered":"<p>K\u00f6\u015fk Beyk\u00f6y Polis Abla Ortaokulu 5.s\u0131n\u0131f \u00f6\u011frencileri, K\u00f6\u015fk Mesleki ve Teknik Anadolu Lisesi (KMTAL) Yiyecek \u0130\u00e7ecek Hizmetleri Program\u0131 \u00f6\u011frencileriyle ayn\u0131 mutfakta bulu\u015farak unutulmaz bir deneyim ya\u015fad\u0131.<\/p>\n<p>Minik \u00f6\u011frenciler, K\u00f6\u015fk MTAL \u00f6\u011frencisi abla ve abileri ile birlikte mutfa\u011fa girerek birbirinden lezzetli kurabiyeler ve tatl\u0131lar yapt\u0131lar. Minik \u015fefler hem \u00fcrettiler, hem e\u011flendiler, mutfa\u011f\u0131n s\u0131cak atmosferini, payla\u015fmay\u0131 ve birlikte ba\u015farman\u0131n mutlulu\u011funu doyas\u0131ya ya\u015fad\u0131lar. Etkinli\u011fe kat\u0131l\u0131m sa\u011flayan K\u00f6\u015fk \u0130l\u00e7e Milli E\u011fitim M\u00fcd\u00fcr\u00fc Karata\u015f, \u00f6\u011frencilerle yak\u0131ndan ilgilenerek yap\u0131lan g\u00fczel \u00e7al\u0131\u015fmalar\u0131 yerinde inceledi ve eme\u011fi ge\u00e7en \u00f6\u011fretmenlere te\u015fekk\u00fcr etti.<\/p>\n<p>Etkinli\u011fe, K\u00f6\u015fk \u0130l\u00e7e Milli E\u011fitim M\u00fcd\u00fcr\u00fc Selim Karata\u015f, \u0130l\u00e7e \u015eube M\u00fcd\u00fcr\u00fc Alper Ku\u015fo\u011flu, Fatih Keyik ve Okul M\u00fcd\u00fcr Yard\u0131mc\u0131s\u0131 Alev Ayd\u0131n, okul \u00f6\u011fretmen ve \u00f6\u011frencileri kat\u0131ld\u0131.<br \/><\/p>\n","protected":false},"excerpt":{"rendered":"<p>K\u00f6\u015fk Beyk\u00f6y Polis Abla Ortaokulu 5.s\u0131n\u0131f \u00f6\u011frencileri, K\u00f6\u015fk Mesleki ve Teknik Anadolu Lisesi (KMTAL) Yiyecek \u0130\u00e7ecek Hizmetleri Program\u0131 \u00f6\u011frencileriyle ayn\u0131 mutfakta bulu\u015farak unutulmaz bir deneyim ya\u015fad\u0131. Minik \u00f6\u011frenciler, K\u00f6\u015fk MTAL \u00f6\u011frencisi abla ve abileri ile birlikte mutfa\u011fa girerek birbirinden lezzetli kurabiyeler ve tatl\u0131lar yapt\u0131lar. Minik \u015fefler hem \u00fcrettiler, hem e\u011flendiler, mutfa\u011f\u0131n s\u0131cak atmosferini, payla\u015fmay\u0131 ve&#8230;<\/p>\n","protected":false},"author":1,"featured_media":73521,"comment_status":"open","ping_status":"open","sticky":false,"template":"","format":"standard","meta":{"_crdt_document":"","footnotes":""},"categories":[1],"tags":[],"class_list":["post-73520","post","type-post","status-publish","format-standard","has-post-thumbnail","hentry","category-guncel"],"_links":{"self":[{"href":"https:\/\/www.egemtv.com\/index.php?rest_route=\/wp\/v2\/posts\/73520","targetHints":{"allow":["GET"]}}],"collection":[{"href":"https:\/\/www.egemtv.com\/index.php?rest_route=\/wp\/v2\/posts"}],"about":[{"href":"https:\/\/www.egemtv.com\/index.php?rest_route=\/wp\/v2\/types\/post"}],"author":[{"embeddable":true,"href":"https:\/\/www.egemtv.com\/index.php?rest_route=\/wp\/v2\/users\/1"}],"replies":[{"embeddable":true,"href":"https:\/\/www.egemtv.com\/index.php?rest_route=%2Fwp%2Fv2%2Fcomments&post=73520"}],"version-history":[{"count":1,"href":"https:\/\/www.egemtv.com\/index.php?rest_route=\/wp\/v2\/posts\/73520\/revisions"}],"predecessor-version":[{"id":73522,"href":"https:\/\/www.egemtv.com\/index.php?rest_route=\/wp\/v2\/posts\/73520\/revisions\/73522"}],"wp:featuredmedia":[{"embeddable":true,"href":"https:\/\/www.egemtv.com\/index.php?rest_route=\/wp\/v2\/media\/73521"}],"wp:attachment":[{"href":"https:\/\/www.egemtv.com\/index.php?rest_route=%2Fwp%2Fv2%2Fmedia&parent=73520"}],"wp:term":[{"taxonomy":"category","embeddable":true,"href":"https:\/\/www.egemtv.com\/index.php?rest_route=%2Fwp%2Fv2%2Fcategories&post=73520"},{"taxonomy":"post_tag","embeddable":true,"href":"https:\/\/www.egemtv.com\/index.php?rest_route=%2Fwp%2Fv2%2Ftags&post=73520"}],"curies":[{"name":"wp","href":"https:\/\/api.w.org\/{rel}","templated":true}]}}