{"id":73499,"date":"2025-12-11T14:34:45","date_gmt":"2025-12-11T11:34:45","guid":{"rendered":"https:\/\/www.egemtv.com\/?p=73499"},"modified":"2025-12-11T14:34:46","modified_gmt":"2025-12-11T11:34:46","slug":"sarp-arazide-yaralanan-gocmen-kurtarildi","status":"publish","type":"post","link":"https:\/\/www.egemtv.com\/?p=73499","title":{"rendered":"Sarp arazide yaralanan g\u00f6\u00e7men kurtar\u0131ld\u0131"},"content":{"rendered":"<p>Mu\u011fla\u2019n\u0131n Dalaman il\u00e7esi Kapukarg\u0131n Mevkii\u2019nde sarp ve ula\u015f\u0131lmas\u0131 g\u00fc\u00e7 arazide d\u00fc\u015ferek yaralanan yabanc\u0131 uyruklu bir g\u00f6\u00e7men \u015fah\u0131s, b\u00f6lgeye sevk edilen AFAD arama kurtarma ekiplerinin ba\u015far\u0131l\u0131 operasyonuyla mahsur kald\u0131\u011f\u0131 yerden \u00e7\u0131kar\u0131larak sa\u011fl\u0131k ekiplerine ula\u015ft\u0131r\u0131ld\u0131.<\/p>\n<p>Olay, Dalaman\u2019a ba\u011fl\u0131 Kapukarg\u0131n Mevkii\u2019nde meydana geldi. Yabanc\u0131 uyruklu g\u00f6\u00e7men \u015fahs\u0131n sarp arazide dengesini kaybederek d\u00fc\u015fmesi sonucu yaralanmas\u0131 ve mahsur kalmas\u0131 \u00fczerine, b\u00f6lgedeki sa\u011fl\u0131k ekipleri \u015fahsa ula\u015fmakta zorland\u0131. Bu durum \u00fczerine, ilgili kurumdan Mu\u011fla \u0130l Afet ve Acil Durum M\u00fcd\u00fcrl\u00fc\u011f\u00fc\u2019nden (AFAD) destek talebinde bulunuldu.<\/p>\n<p>AFAD M\u00fcd\u00fcrl\u00fc\u011f\u00fc, gelen talep \u00fczerine hemen harekete ge\u00e7ti. Alan\u0131nda uzman arama kurtarma teknisyeni personelinden olu\u015fan \u00f6zel bir ekip, derhal olay yerine sevk edildi. Ekipler, zorlu arazi \u015fartlar\u0131na ra\u011fmen yaral\u0131 \u015fahsa en k\u0131sa s\u00fcrede ula\u015fmak i\u00e7in titiz bir \u00e7al\u0131\u015fma ba\u015flatt\u0131.<br \/>\n<br \/>Uzun ve zorlu bir t\u0131rman\u0131\u015f\u0131n ard\u0131ndan yaral\u0131 \u015fahsa ula\u015fan AFAD ekibi, ilk m\u00fcdahaleyi olay yerinde ger\u00e7ekle\u015ftirdi. Ard\u0131ndan, \u015fahs\u0131n g\u00fcvenli bir \u015fekilde ta\u015f\u0131nmas\u0131 i\u00e7in gerekli \u00f6nlemler al\u0131narak, yaral\u0131 titizlikle araziden indirilmeye ba\u015fland\u0131. Ba\u015far\u0131l\u0131 ge\u00e7en operasyon neticesinde, yaral\u0131 g\u00f6\u00e7men \u015fah\u0131s, bekleyen sa\u011fl\u0131k ekiplerine teslim edildi. \u015eahs\u0131n hastaneye kald\u0131r\u0131larak tedavi alt\u0131na al\u0131nd\u0131\u011f\u0131 \u00f6\u011frenildi.<br \/><\/p>\n","protected":false},"excerpt":{"rendered":"<p>Mu\u011fla\u2019n\u0131n Dalaman il\u00e7esi Kapukarg\u0131n Mevkii\u2019nde sarp ve ula\u015f\u0131lmas\u0131 g\u00fc\u00e7 arazide d\u00fc\u015ferek yaralanan yabanc\u0131 uyruklu bir g\u00f6\u00e7men \u015fah\u0131s, b\u00f6lgeye sevk edilen AFAD arama kurtarma ekiplerinin ba\u015far\u0131l\u0131 operasyonuyla mahsur kald\u0131\u011f\u0131 yerden \u00e7\u0131kar\u0131larak sa\u011fl\u0131k ekiplerine ula\u015ft\u0131r\u0131ld\u0131. Olay, Dalaman\u2019a ba\u011fl\u0131 Kapukarg\u0131n Mevkii\u2019nde meydana geldi. Yabanc\u0131 uyruklu g\u00f6\u00e7men \u015fahs\u0131n sarp arazide dengesini kaybederek d\u00fc\u015fmesi sonucu yaralanmas\u0131 ve mahsur kalmas\u0131 \u00fczerine,&#8230;<\/p>\n","protected":false},"author":1,"featured_media":73500,"comment_status":"open","ping_status":"open","sticky":false,"template":"","format":"standard","meta":{"_crdt_document":"","footnotes":""},"categories":[5],"tags":[],"class_list":["post-73499","post","type-post","status-publish","format-standard","has-post-thumbnail","hentry","category-asayis"],"_links":{"self":[{"href":"https:\/\/www.egemtv.com\/index.php?rest_route=\/wp\/v2\/posts\/73499","targetHints":{"allow":["GET"]}}],"collection":[{"href":"https:\/\/www.egemtv.com\/index.php?rest_route=\/wp\/v2\/posts"}],"about":[{"href":"https:\/\/www.egemtv.com\/index.php?rest_route=\/wp\/v2\/types\/post"}],"author":[{"embeddable":true,"href":"https:\/\/www.egemtv.com\/index.php?rest_route=\/wp\/v2\/users\/1"}],"replies":[{"embeddable":true,"href":"https:\/\/www.egemtv.com\/index.php?rest_route=%2Fwp%2Fv2%2Fcomments&post=73499"}],"version-history":[{"count":1,"href":"https:\/\/www.egemtv.com\/index.php?rest_route=\/wp\/v2\/posts\/73499\/revisions"}],"predecessor-version":[{"id":73501,"href":"https:\/\/www.egemtv.com\/index.php?rest_route=\/wp\/v2\/posts\/73499\/revisions\/73501"}],"wp:featuredmedia":[{"embeddable":true,"href":"https:\/\/www.egemtv.com\/index.php?rest_route=\/wp\/v2\/media\/73500"}],"wp:attachment":[{"href":"https:\/\/www.egemtv.com\/index.php?rest_route=%2Fwp%2Fv2%2Fmedia&parent=73499"}],"wp:term":[{"taxonomy":"category","embeddable":true,"href":"https:\/\/www.egemtv.com\/index.php?rest_route=%2Fwp%2Fv2%2Fcategories&post=73499"},{"taxonomy":"post_tag","embeddable":true,"href":"https:\/\/www.egemtv.com\/index.php?rest_route=%2Fwp%2Fv2%2Ftags&post=73499"}],"curies":[{"name":"wp","href":"https:\/\/api.w.org\/{rel}","templated":true}]}}