{"id":73496,"date":"2025-12-11T14:34:44","date_gmt":"2025-12-11T11:34:44","guid":{"rendered":"https:\/\/www.egemtv.com\/?p=73496"},"modified":"2025-12-11T14:34:45","modified_gmt":"2025-12-11T11:34:45","slug":"ogrencilere-gida-okuryazarligi-egitimi","status":"publish","type":"post","link":"https:\/\/www.egemtv.com\/?p=73496","title":{"rendered":"\u00d6\u011frencilere G\u0131da Okuryazarl\u0131\u011f\u0131 e\u011fitimi"},"content":{"rendered":"<p>S\u00f6ke \u0130l\u00e7e Tar\u0131m ve Orman M\u00fcd\u00fcrl\u00fc\u011f\u00fc, Adnan Menderes Mesleki ve Teknik Anadolu Lisesi \u00f6\u011frencilerine y\u00f6nelik &#8220;G\u0131da Okuryazarl\u0131\u011f\u0131 ve Etiket Okuma&#8221; konulu fark\u0131ndal\u0131k e\u011fitimi ger\u00e7ekle\u015ftirdi.<\/p>\n<p>\u0130l\u00e7e Tar\u0131m M\u00fcd\u00fcrl\u00fc\u011f\u00fc personeli taraf\u0131ndan verilen e\u011fitimde; temel g\u0131da g\u00fcvenli\u011fi, do\u011fru \u00fcr\u00fcn se\u00e7imi, etiket bilgilerini okuma ve t\u00fcketici olarak bilin\u00e7li davranma konular\u0131 ele al\u0131nd\u0131. \u00d6\u011frencilere; \u00fcretim ve son t\u00fcketim tarihi, besin de\u011ferleri, i\u00e7erik listesi, alerjen uyar\u0131lar\u0131 gibi etiket \u00fczerinde yer almas\u0131 gereken kritik bilgiler anlat\u0131ld\u0131.<\/p>\n<p>M\u00fcd\u00fcrl\u00fck, bu t\u00fcr e\u011fitimlerle gen\u00e7lerin g\u0131da g\u00fcvenli\u011fi konusunda bilin\u00e7 d\u00fczeyini art\u0131rmay\u0131 ve sa\u011fl\u0131kl\u0131 t\u00fcketim al\u0131\u015fkanl\u0131klar\u0131 kazand\u0131rmay\u0131 hedeflediklerini belirtti.<br \/><\/p>\n","protected":false},"excerpt":{"rendered":"<p>S\u00f6ke \u0130l\u00e7e Tar\u0131m ve Orman M\u00fcd\u00fcrl\u00fc\u011f\u00fc, Adnan Menderes Mesleki ve Teknik Anadolu Lisesi \u00f6\u011frencilerine y\u00f6nelik &#8220;G\u0131da Okuryazarl\u0131\u011f\u0131 ve Etiket Okuma&#8221; konulu fark\u0131ndal\u0131k e\u011fitimi ger\u00e7ekle\u015ftirdi. \u0130l\u00e7e Tar\u0131m M\u00fcd\u00fcrl\u00fc\u011f\u00fc personeli taraf\u0131ndan verilen e\u011fitimde; temel g\u0131da g\u00fcvenli\u011fi, do\u011fru \u00fcr\u00fcn se\u00e7imi, etiket bilgilerini okuma ve t\u00fcketici olarak bilin\u00e7li davranma konular\u0131 ele al\u0131nd\u0131. \u00d6\u011frencilere; \u00fcretim ve son t\u00fcketim tarihi, besin&#8230;<\/p>\n","protected":false},"author":1,"featured_media":73497,"comment_status":"open","ping_status":"open","sticky":false,"template":"","format":"standard","meta":{"_crdt_document":"","footnotes":""},"categories":[1],"tags":[],"class_list":["post-73496","post","type-post","status-publish","format-standard","has-post-thumbnail","hentry","category-guncel"],"_links":{"self":[{"href":"https:\/\/www.egemtv.com\/index.php?rest_route=\/wp\/v2\/posts\/73496","targetHints":{"allow":["GET"]}}],"collection":[{"href":"https:\/\/www.egemtv.com\/index.php?rest_route=\/wp\/v2\/posts"}],"about":[{"href":"https:\/\/www.egemtv.com\/index.php?rest_route=\/wp\/v2\/types\/post"}],"author":[{"embeddable":true,"href":"https:\/\/www.egemtv.com\/index.php?rest_route=\/wp\/v2\/users\/1"}],"replies":[{"embeddable":true,"href":"https:\/\/www.egemtv.com\/index.php?rest_route=%2Fwp%2Fv2%2Fcomments&post=73496"}],"version-history":[{"count":1,"href":"https:\/\/www.egemtv.com\/index.php?rest_route=\/wp\/v2\/posts\/73496\/revisions"}],"predecessor-version":[{"id":73498,"href":"https:\/\/www.egemtv.com\/index.php?rest_route=\/wp\/v2\/posts\/73496\/revisions\/73498"}],"wp:featuredmedia":[{"embeddable":true,"href":"https:\/\/www.egemtv.com\/index.php?rest_route=\/wp\/v2\/media\/73497"}],"wp:attachment":[{"href":"https:\/\/www.egemtv.com\/index.php?rest_route=%2Fwp%2Fv2%2Fmedia&parent=73496"}],"wp:term":[{"taxonomy":"category","embeddable":true,"href":"https:\/\/www.egemtv.com\/index.php?rest_route=%2Fwp%2Fv2%2Fcategories&post=73496"},{"taxonomy":"post_tag","embeddable":true,"href":"https:\/\/www.egemtv.com\/index.php?rest_route=%2Fwp%2Fv2%2Ftags&post=73496"}],"curies":[{"name":"wp","href":"https:\/\/api.w.org\/{rel}","templated":true}]}}