{"id":73490,"date":"2025-12-11T14:15:04","date_gmt":"2025-12-11T11:15:04","guid":{"rendered":"https:\/\/www.egemtv.com\/?p=73490"},"modified":"2025-12-11T14:15:05","modified_gmt":"2025-12-11T11:15:05","slug":"vali-akbiyik-kiz-yurdu-insaatindaki-magara-ve-mezar-iddialarini-degerlendirdi","status":"publish","type":"post","link":"https:\/\/www.egemtv.com\/?p=73490","title":{"rendered":"Vali Akb\u0131y\u0131k, k\u0131z yurdu in\u015faat\u0131ndaki ma\u011fara ve mezar iddialar\u0131n\u0131 de\u011ferlendirdi"},"content":{"rendered":"<p>Mu\u011fla\u2019n\u0131n Mente\u015fe il\u00e7esi K\u00f6tekli Mahallesinde yap\u0131m\u0131 devam eden Gen\u00e7lik ve Spor Bakanl\u0131\u011f\u0131 3\u2019\u00fcnc\u00fc etap k\u0131z yurdu in\u015faat\u0131nda \u2018Ma\u011fara ve i\u00e7inde mezar bulundu\u2019 iddialar\u0131n\u0131 de\u011ferlendiren Mu\u011fla Valisi Dr. \u0130dris Akb\u0131y\u0131k, \u00e7ukurun in\u015faat alan\u0131 d\u0131\u015f\u0131nda oldu\u011funu, 50 cm aral\u0131klarla, zikzak y\u00f6nl\u00fc \u00f6l\u00e7\u00fcm y\u00f6ntemiyle 14 metre derinli\u011fe kadar yap\u0131lan taramada s\u00fcreklili\u011fi olan arkeolojik bir yap\u0131, bo\u015fluk veya anormal olu\u015fuma dair herhangi bir bulguya rastlanmad\u0131\u011f\u0131n\u0131 a\u00e7\u0131klad\u0131.<br \/>\n<br \/>Vali Akb\u0131y\u0131k, &#8220;Yurt in\u015faat sahas\u0131nda temel kaz\u0131 \u00e7al\u0131\u015fmalar\u0131 s\u0131ras\u0131nda karstik \u00e7ukur oldu\u011fu iddia edildi\u011fi; yap\u0131lan kaz\u0131 \u00e7al\u0131\u015fmalar\u0131nda b\u00f6yle bir \u00e7ukura rastlanmad\u0131\u011f\u0131, in\u015faat oturum alan\u0131 d\u0131\u015f\u0131nda bir tane g\u00f6r\u00fclm\u00fc\u015f olup hi\u00e7bir binan\u0131n oturum alan\u0131 alt\u0131na rast gelmedi\u011fi tespit edilmi\u015ftir. \u0130l M\u00fcd\u00fcrl\u00fc\u011f\u00fc, sahadan gelen bilgileri Bakanl\u0131k yetkililerine iletmi\u015ftir&#8221; dedi<br \/>\n<br \/>Bakanl\u0131k taraf\u0131ndan yap\u0131lan teknik incelemelerde zeminin genel yap\u0131s\u0131 a\u00e7\u0131s\u0131ndan bir risk olu\u015fturmad\u0131\u011f\u0131n\u0131n alt\u0131 \u00e7izen Vali Akb\u0131y\u0131k, &#8220;Bakanl\u0131k taraf\u0131ndan zemin et\u00fct raporlar\u0131 tekrar de\u011ferlendirme yap\u0131lm\u0131\u015f, karstik \u00e7ukurun genel zemin yap\u0131s\u0131 a\u00e7\u0131s\u0131ndan bir risk olu\u015fturmad\u0131\u011f\u0131 kanaatine var\u0131lm\u0131\u015ft\u0131r. Bu s\u00fcre\u00e7te, s\u00f6z konusu iddialar\u0131 g\u00fcndeme getiren ki\u015finin daha \u00f6nce alt y\u00fcklenici olarak \u00e7al\u0131\u015ft\u0131\u011f\u0131, m\u00fcteahhit firma ile ya\u015fanan anla\u015fmazl\u0131klar nedeniyle i\u015f ili\u015fkilerinin sonland\u0131\u011f\u0131 bilinmektedir. Yurt in\u015faat\u0131n\u0131n tamamlanmas\u0131na \u00e7ok az s\u00fcre kalm\u0131\u015fken bu iddialar\u0131n g\u00fcndeme gelmesi dikkat \u00e7ekicidir&#8221; dedi.<br \/>\n<br \/>Vali Akb\u0131y\u0131k sahada ger\u00e7ekle\u015ftirilen ileri teknik incelemelere de de\u011finirken, &#8220;\u00c7ukur in\u015faat alan\u0131 d\u0131\u015f\u0131nda olsa da, uzman ekipler taraf\u0131ndan saha genelinde Jeoradar (Yer Radar\u0131 \/ GPR) sistemi kullan\u0131larak ayr\u0131nt\u0131l\u0131 zemin taramas\u0131 ger\u00e7ekle\u015ftirilmi\u015ftir. 50 cm aral\u0131klarla, zikzak y\u00f6nl\u00fc \u00f6l\u00e7\u00fcm y\u00f6ntemiyle 14 metre derinli\u011fe kadar yap\u0131lan taramada s\u00fcreklili\u011fi olan arkeolojik bir yap\u0131, bo\u015fluk veya anormal olu\u015fuma dair herhangi bir bulguya rastlanmam\u0131\u015ft\u0131r&#8221; dedi.<br \/>\n<br \/>A\u00e7\u0131klamada ayr\u0131ca \u00c7evre \u015eehircilik \u0130l M\u00fcd\u00fcrl\u00fc\u011f\u00fc teknik elemanlar\u0131n\u0131n ve Bakanl\u0131k ekiplerinin ortak \u00e7al\u0131\u015fma y\u00fcr\u00fctt\u00fc\u011f\u00fc, iki ayr\u0131 \u00fcniversitenin de daha kapsaml\u0131 raporlama s\u00fcrecine dahil oldu\u011fu belirtildi.<br \/>\n<br \/>Gen\u00e7lik ve Spor Bakanl\u0131\u011f\u0131 3. etap k\u0131z yurdu in\u015faat\u0131nda iddialar\u0131n g\u00fcndeme gelmesinin ard\u0131ndan yap\u0131lan t\u00fcm incelemelerin tamamlanmas\u0131yla birlikte, projenin teknik standartlar ve g\u00fcvenlik kriterleri do\u011frultusunda ilerledi\u011fi ifade edildi.<br \/><\/p>\n","protected":false},"excerpt":{"rendered":"<p>Mu\u011fla\u2019n\u0131n Mente\u015fe il\u00e7esi K\u00f6tekli Mahallesinde yap\u0131m\u0131 devam eden Gen\u00e7lik ve Spor Bakanl\u0131\u011f\u0131 3\u2019\u00fcnc\u00fc etap k\u0131z yurdu in\u015faat\u0131nda \u2018Ma\u011fara ve i\u00e7inde mezar bulundu\u2019 iddialar\u0131n\u0131 de\u011ferlendiren Mu\u011fla Valisi Dr. \u0130dris Akb\u0131y\u0131k, \u00e7ukurun in\u015faat alan\u0131 d\u0131\u015f\u0131nda oldu\u011funu, 50 cm aral\u0131klarla, zikzak y\u00f6nl\u00fc \u00f6l\u00e7\u00fcm y\u00f6ntemiyle 14 metre derinli\u011fe kadar yap\u0131lan taramada s\u00fcreklili\u011fi olan arkeolojik bir yap\u0131, bo\u015fluk veya anormal&#8230;<\/p>\n","protected":false},"author":1,"featured_media":73491,"comment_status":"open","ping_status":"open","sticky":false,"template":"","format":"standard","meta":{"_crdt_document":"","footnotes":""},"categories":[1],"tags":[],"class_list":["post-73490","post","type-post","status-publish","format-standard","has-post-thumbnail","hentry","category-guncel"],"_links":{"self":[{"href":"https:\/\/www.egemtv.com\/index.php?rest_route=\/wp\/v2\/posts\/73490","targetHints":{"allow":["GET"]}}],"collection":[{"href":"https:\/\/www.egemtv.com\/index.php?rest_route=\/wp\/v2\/posts"}],"about":[{"href":"https:\/\/www.egemtv.com\/index.php?rest_route=\/wp\/v2\/types\/post"}],"author":[{"embeddable":true,"href":"https:\/\/www.egemtv.com\/index.php?rest_route=\/wp\/v2\/users\/1"}],"replies":[{"embeddable":true,"href":"https:\/\/www.egemtv.com\/index.php?rest_route=%2Fwp%2Fv2%2Fcomments&post=73490"}],"version-history":[{"count":1,"href":"https:\/\/www.egemtv.com\/index.php?rest_route=\/wp\/v2\/posts\/73490\/revisions"}],"predecessor-version":[{"id":73492,"href":"https:\/\/www.egemtv.com\/index.php?rest_route=\/wp\/v2\/posts\/73490\/revisions\/73492"}],"wp:featuredmedia":[{"embeddable":true,"href":"https:\/\/www.egemtv.com\/index.php?rest_route=\/wp\/v2\/media\/73491"}],"wp:attachment":[{"href":"https:\/\/www.egemtv.com\/index.php?rest_route=%2Fwp%2Fv2%2Fmedia&parent=73490"}],"wp:term":[{"taxonomy":"category","embeddable":true,"href":"https:\/\/www.egemtv.com\/index.php?rest_route=%2Fwp%2Fv2%2Fcategories&post=73490"},{"taxonomy":"post_tag","embeddable":true,"href":"https:\/\/www.egemtv.com\/index.php?rest_route=%2Fwp%2Fv2%2Ftags&post=73490"}],"curies":[{"name":"wp","href":"https:\/\/api.w.org\/{rel}","templated":true}]}}