{"id":73472,"date":"2025-12-11T13:14:47","date_gmt":"2025-12-11T10:14:47","guid":{"rendered":"https:\/\/www.egemtv.com\/?p=73472"},"modified":"2025-12-11T13:14:48","modified_gmt":"2025-12-11T10:14:48","slug":"camelili-minik-ogrenciler-yoresel-kultur-soleninde-yoresel-kulturlerini-ogrendi","status":"publish","type":"post","link":"https:\/\/www.egemtv.com\/?p=73472","title":{"rendered":"\u00c7amelili minik \u00f6\u011frenciler Y\u00f6resel K\u00fclt\u00fcr \u015e\u00f6leninde y\u00f6resel k\u00fclt\u00fcrlerini \u00f6\u011frendi"},"content":{"rendered":"<p>\u00c7ameli Atat\u00fcrk \u0130lkokulu taraf\u0131ndan Tutum, Yat\u0131r\u0131m ve T\u00fcrk Mallar\u0131 Haftas\u0131 kapsam\u0131nda d\u00fczenlenen \u2018Y\u00f6resel K\u00fclt\u00fcr \u015e\u00f6leni\u2019 etkinli\u011fi ger\u00e7ekle\u015ftirildi.<br \/>\n<br \/>Etkinli\u011fe \u00c7ameli Kaymakam\u0131 Mustafa \u00c7elik, Belediye Ba\u015fkan\u0131 Cengiz Arslan ve il\u00e7e protokol\u00fc kat\u0131ld\u0131. Programda \u00f6\u011frenciler, yerli ve y\u00f6resel \u00fcr\u00fcnler \u00fczerine haz\u0131rlad\u0131klar\u0131 \u015fiirleri okudu.<br \/>\n<br \/>Daha sonra yerli otomobil \u00f6\u011frencilere tan\u0131t\u0131larak milli teknolojimiz hakk\u0131nda bilgilendirme yap\u0131ld\u0131. Kurulan &#8220;Y\u00f6resel K\u00f6\u015fe&#8221;de ise ge\u00e7mi\u015ften g\u00fcn\u00fcm\u00fcze y\u00f6resel k\u0131yafetler giyen \u00f6\u011frenciler, b\u00f6lgemize ait k\u00fclt\u00fcrel de\u011ferlerimizi canland\u0131rd\u0131. Etkinlikte, \u00c7amelili yerel sanat\u00e7\u0131lar\u0131n sahne almalar\u0131yla ve halk oyunlar\u0131 g\u00f6sterileriyle etkinlik renkli g\u00f6r\u00fcnt\u00fclere sahne oldu.<br \/><\/p>\n","protected":false},"excerpt":{"rendered":"<p>\u00c7ameli Atat\u00fcrk \u0130lkokulu taraf\u0131ndan Tutum, Yat\u0131r\u0131m ve T\u00fcrk Mallar\u0131 Haftas\u0131 kapsam\u0131nda d\u00fczenlenen \u2018Y\u00f6resel K\u00fclt\u00fcr \u015e\u00f6leni\u2019 etkinli\u011fi ger\u00e7ekle\u015ftirildi. Etkinli\u011fe \u00c7ameli Kaymakam\u0131 Mustafa \u00c7elik, Belediye Ba\u015fkan\u0131 Cengiz Arslan ve il\u00e7e protokol\u00fc kat\u0131ld\u0131. Programda \u00f6\u011frenciler, yerli ve y\u00f6resel \u00fcr\u00fcnler \u00fczerine haz\u0131rlad\u0131klar\u0131 \u015fiirleri okudu. Daha sonra yerli otomobil \u00f6\u011frencilere tan\u0131t\u0131larak milli teknolojimiz hakk\u0131nda bilgilendirme yap\u0131ld\u0131. Kurulan &#8220;Y\u00f6resel K\u00f6\u015fe&#8221;de ise&#8230;<\/p>\n","protected":false},"author":1,"featured_media":73473,"comment_status":"open","ping_status":"open","sticky":false,"template":"","format":"standard","meta":{"_crdt_document":"","footnotes":""},"categories":[1],"tags":[],"class_list":["post-73472","post","type-post","status-publish","format-standard","has-post-thumbnail","hentry","category-guncel"],"_links":{"self":[{"href":"https:\/\/www.egemtv.com\/index.php?rest_route=\/wp\/v2\/posts\/73472","targetHints":{"allow":["GET"]}}],"collection":[{"href":"https:\/\/www.egemtv.com\/index.php?rest_route=\/wp\/v2\/posts"}],"about":[{"href":"https:\/\/www.egemtv.com\/index.php?rest_route=\/wp\/v2\/types\/post"}],"author":[{"embeddable":true,"href":"https:\/\/www.egemtv.com\/index.php?rest_route=\/wp\/v2\/users\/1"}],"replies":[{"embeddable":true,"href":"https:\/\/www.egemtv.com\/index.php?rest_route=%2Fwp%2Fv2%2Fcomments&post=73472"}],"version-history":[{"count":1,"href":"https:\/\/www.egemtv.com\/index.php?rest_route=\/wp\/v2\/posts\/73472\/revisions"}],"predecessor-version":[{"id":73474,"href":"https:\/\/www.egemtv.com\/index.php?rest_route=\/wp\/v2\/posts\/73472\/revisions\/73474"}],"wp:featuredmedia":[{"embeddable":true,"href":"https:\/\/www.egemtv.com\/index.php?rest_route=\/wp\/v2\/media\/73473"}],"wp:attachment":[{"href":"https:\/\/www.egemtv.com\/index.php?rest_route=%2Fwp%2Fv2%2Fmedia&parent=73472"}],"wp:term":[{"taxonomy":"category","embeddable":true,"href":"https:\/\/www.egemtv.com\/index.php?rest_route=%2Fwp%2Fv2%2Fcategories&post=73472"},{"taxonomy":"post_tag","embeddable":true,"href":"https:\/\/www.egemtv.com\/index.php?rest_route=%2Fwp%2Fv2%2Ftags&post=73472"}],"curies":[{"name":"wp","href":"https:\/\/api.w.org\/{rel}","templated":true}]}}