{"id":73469,"date":"2025-12-11T13:14:46","date_gmt":"2025-12-11T10:14:46","guid":{"rendered":"https:\/\/www.egemtv.com\/?p=73469"},"modified":"2025-12-11T13:14:47","modified_gmt":"2025-12-11T10:14:47","slug":"belediyeden-sosyal-destek-calismalari","status":"publish","type":"post","link":"https:\/\/www.egemtv.com\/?p=73469","title":{"rendered":"Belediyeden sosyal destek \u00e7al\u0131\u015fmalar\u0131"},"content":{"rendered":"<p>Bodrum Belediyesi K\u00fclt\u00fcr ve Sosyal \u0130\u015fler M\u00fcd\u00fcrl\u00fc\u011f\u00fc\u2019ne ba\u011fl\u0131 olarak yar\u0131mada genelinde \u00e7al\u0131\u015fmalar\u0131n\u0131 s\u00fcrd\u00fcren Sosyal Hizmetler B\u00fcrosu, dezavantajl\u0131 bireyler ba\u015fta olmak \u00fczere ihtiya\u00e7 sahibi vatanda\u015flar\u0131n yan\u0131nda olmaya devam ediyor.<\/p>\n<p>Sosyal Hizmetler B\u00fcrosu ekipleri, sosyal belediyecilik anlay\u0131\u015f\u0131 do\u011frultusunda il\u00e7e genelinde ger\u00e7ekle\u015ftirdi\u011fi \u00e7al\u0131\u015fmalar\u0131n\u0131 b\u00fcy\u00fck bir titizlikle s\u00fcrd\u00fcr\u00fcyor. Yap\u0131lan \u00e7al\u0131\u015fmalar kapsam\u0131nda y\u0131l boyunca 3 bin 150 ihtiya\u00e7 sahibi vatanda\u015f\u0131n ba\u015fvurusu al\u0131n\u0131rken, ger\u00e7ekle\u015ftirilen hane ziyaretlerinde 2 bin 50 ki\u015fiyle birebir g\u00f6r\u00fc\u015f\u00fcld\u00fc.<\/p>\n<p>2025 y\u0131l\u0131nda 3 bin 750 sosyal destek kart\u0131 (g\u0131da deste\u011fi) da\u011f\u0131tan Sosyal Hizmetler B\u00fcrosu, \u00e7e\u015fitli ayni yard\u0131mlar\u0131n yan\u0131 s\u0131ra bebek bezi, bebek mamas\u0131 ve hasta bezi deste\u011finde bulundu. E\u011fitim alan\u0131nda da \u00e7al\u0131\u015fmalar\u0131n\u0131 s\u00fcrd\u00fcren ekipler, bin 150 \u00f6\u011frenciye k\u0131rtasiye paketi verirken, 468 \u00f6\u011frenciye ise tahsil yard\u0131m deste\u011fi sa\u011flad\u0131.<\/p>\n<p>Hane ziyaretlerinden e\u011fitim desteklerine geni\u015f bir yelpazede kent sakinlerine hizmet veren Sosyal Hizmetler B\u00fcrosu, 2026 y\u0131l\u0131nda da \u00e7al\u0131\u015fmalar\u0131n\u0131 aral\u0131ks\u0131z s\u00fcrd\u00fcrecek.<br \/><\/p>\n","protected":false},"excerpt":{"rendered":"<p>Bodrum Belediyesi K\u00fclt\u00fcr ve Sosyal \u0130\u015fler M\u00fcd\u00fcrl\u00fc\u011f\u00fc\u2019ne ba\u011fl\u0131 olarak yar\u0131mada genelinde \u00e7al\u0131\u015fmalar\u0131n\u0131 s\u00fcrd\u00fcren Sosyal Hizmetler B\u00fcrosu, dezavantajl\u0131 bireyler ba\u015fta olmak \u00fczere ihtiya\u00e7 sahibi vatanda\u015flar\u0131n yan\u0131nda olmaya devam ediyor. Sosyal Hizmetler B\u00fcrosu ekipleri, sosyal belediyecilik anlay\u0131\u015f\u0131 do\u011frultusunda il\u00e7e genelinde ger\u00e7ekle\u015ftirdi\u011fi \u00e7al\u0131\u015fmalar\u0131n\u0131 b\u00fcy\u00fck bir titizlikle s\u00fcrd\u00fcr\u00fcyor. Yap\u0131lan \u00e7al\u0131\u015fmalar kapsam\u0131nda y\u0131l boyunca 3 bin 150 ihtiya\u00e7 sahibi vatanda\u015f\u0131n&#8230;<\/p>\n","protected":false},"author":1,"featured_media":73470,"comment_status":"open","ping_status":"open","sticky":false,"template":"","format":"standard","meta":{"_crdt_document":"","footnotes":""},"categories":[1],"tags":[],"class_list":["post-73469","post","type-post","status-publish","format-standard","has-post-thumbnail","hentry","category-guncel"],"_links":{"self":[{"href":"https:\/\/www.egemtv.com\/index.php?rest_route=\/wp\/v2\/posts\/73469","targetHints":{"allow":["GET"]}}],"collection":[{"href":"https:\/\/www.egemtv.com\/index.php?rest_route=\/wp\/v2\/posts"}],"about":[{"href":"https:\/\/www.egemtv.com\/index.php?rest_route=\/wp\/v2\/types\/post"}],"author":[{"embeddable":true,"href":"https:\/\/www.egemtv.com\/index.php?rest_route=\/wp\/v2\/users\/1"}],"replies":[{"embeddable":true,"href":"https:\/\/www.egemtv.com\/index.php?rest_route=%2Fwp%2Fv2%2Fcomments&post=73469"}],"version-history":[{"count":1,"href":"https:\/\/www.egemtv.com\/index.php?rest_route=\/wp\/v2\/posts\/73469\/revisions"}],"predecessor-version":[{"id":73471,"href":"https:\/\/www.egemtv.com\/index.php?rest_route=\/wp\/v2\/posts\/73469\/revisions\/73471"}],"wp:featuredmedia":[{"embeddable":true,"href":"https:\/\/www.egemtv.com\/index.php?rest_route=\/wp\/v2\/media\/73470"}],"wp:attachment":[{"href":"https:\/\/www.egemtv.com\/index.php?rest_route=%2Fwp%2Fv2%2Fmedia&parent=73469"}],"wp:term":[{"taxonomy":"category","embeddable":true,"href":"https:\/\/www.egemtv.com\/index.php?rest_route=%2Fwp%2Fv2%2Fcategories&post=73469"},{"taxonomy":"post_tag","embeddable":true,"href":"https:\/\/www.egemtv.com\/index.php?rest_route=%2Fwp%2Fv2%2Ftags&post=73469"}],"curies":[{"name":"wp","href":"https:\/\/api.w.org\/{rel}","templated":true}]}}