{"id":73466,"date":"2025-12-11T12:54:56","date_gmt":"2025-12-11T09:54:56","guid":{"rendered":"https:\/\/www.egemtv.com\/?p=73466"},"modified":"2025-12-11T12:54:57","modified_gmt":"2025-12-11T09:54:57","slug":"simavda-universite-ogrencilerine-yonelik-motivasyon-programi-duzenlendi","status":"publish","type":"post","link":"https:\/\/www.egemtv.com\/?p=73466","title":{"rendered":"Simav\u2019da \u00fcniversite \u00f6\u011frencilerine y\u00f6nelik motivasyon program\u0131 d\u00fczenlendi"},"content":{"rendered":"<p>K\u00fctahya\u2019n\u0131n Simav Gen\u00e7lik Merkezinde \u00fcniversite \u00f6\u011frencilerine y\u00f6nelik etkinlik ger\u00e7ekle\u015ftirildi. Programda, usta \u00f6\u011freticilerin seslendirdi\u011fi t\u00fcrk\u00fcler ve Manevi Dan\u0131\u015fman Ahmet G\u00fcm\u00fc\u015f\u2019\u00fcn okudu\u011fu ilahiler e\u015fli\u011finde \u00f6\u011frencilere \u00e7i\u011f k\u00f6fte ikram\u0131 yap\u0131ld\u0131.<br \/>\n<br \/>Gen\u00e7lik merkezinin gen\u00e7lere verdi\u011fi \u00f6nemin vurguland\u0131\u011f\u0131 etkinli\u011fe, Simav Gen\u00e7lik Merkezi M\u00fcd\u00fcr\u00fc \u0130smail G\u00f6kkaya, merkez personeli, Simav M\u00fcft\u00fcl\u00fc\u011f\u00fc \u0130zci Lideri Cuma Ali Tosun, Manevi Dan\u0131\u015fman Emin D\u00f6nmez, Simav Do\u00e7. Dr. \u0130smail Karakuyu Devlet Hastanesi manevi dan\u0131\u015fman\u0131 Yasin \u0130pek, gen\u00e7lik liderleri ve \u00fcniversite \u00f6\u011frencileri kat\u0131ld\u0131.<br \/>\n<br \/>Programa kat\u0131lan \u00f6\u011frenciler, bu y\u0131l ikincisi d\u00fczenlenen etkinli\u011fi olduk\u00e7a be\u011fendiklerini belirterek, bu t\u00fcr bulu\u015fmalar\u0131n kendilerini motive etti\u011fini ve gen\u00e7lik merkezlerine olan ba\u011fl\u0131l\u0131klar\u0131n\u0131 art\u0131rd\u0131\u011f\u0131n\u0131 ifade ettiler.<br \/><\/p>\n","protected":false},"excerpt":{"rendered":"<p>K\u00fctahya\u2019n\u0131n Simav Gen\u00e7lik Merkezinde \u00fcniversite \u00f6\u011frencilerine y\u00f6nelik etkinlik ger\u00e7ekle\u015ftirildi. Programda, usta \u00f6\u011freticilerin seslendirdi\u011fi t\u00fcrk\u00fcler ve Manevi Dan\u0131\u015fman Ahmet G\u00fcm\u00fc\u015f\u2019\u00fcn okudu\u011fu ilahiler e\u015fli\u011finde \u00f6\u011frencilere \u00e7i\u011f k\u00f6fte ikram\u0131 yap\u0131ld\u0131. Gen\u00e7lik merkezinin gen\u00e7lere verdi\u011fi \u00f6nemin vurguland\u0131\u011f\u0131 etkinli\u011fe, Simav Gen\u00e7lik Merkezi M\u00fcd\u00fcr\u00fc \u0130smail G\u00f6kkaya, merkez personeli, Simav M\u00fcft\u00fcl\u00fc\u011f\u00fc \u0130zci Lideri Cuma Ali Tosun, Manevi Dan\u0131\u015fman Emin D\u00f6nmez, Simav Do\u00e7&#8230;.<\/p>\n","protected":false},"author":1,"featured_media":73467,"comment_status":"open","ping_status":"open","sticky":false,"template":"","format":"standard","meta":{"_crdt_document":"","footnotes":""},"categories":[1],"tags":[],"class_list":["post-73466","post","type-post","status-publish","format-standard","has-post-thumbnail","hentry","category-guncel"],"_links":{"self":[{"href":"https:\/\/www.egemtv.com\/index.php?rest_route=\/wp\/v2\/posts\/73466","targetHints":{"allow":["GET"]}}],"collection":[{"href":"https:\/\/www.egemtv.com\/index.php?rest_route=\/wp\/v2\/posts"}],"about":[{"href":"https:\/\/www.egemtv.com\/index.php?rest_route=\/wp\/v2\/types\/post"}],"author":[{"embeddable":true,"href":"https:\/\/www.egemtv.com\/index.php?rest_route=\/wp\/v2\/users\/1"}],"replies":[{"embeddable":true,"href":"https:\/\/www.egemtv.com\/index.php?rest_route=%2Fwp%2Fv2%2Fcomments&post=73466"}],"version-history":[{"count":1,"href":"https:\/\/www.egemtv.com\/index.php?rest_route=\/wp\/v2\/posts\/73466\/revisions"}],"predecessor-version":[{"id":73468,"href":"https:\/\/www.egemtv.com\/index.php?rest_route=\/wp\/v2\/posts\/73466\/revisions\/73468"}],"wp:featuredmedia":[{"embeddable":true,"href":"https:\/\/www.egemtv.com\/index.php?rest_route=\/wp\/v2\/media\/73467"}],"wp:attachment":[{"href":"https:\/\/www.egemtv.com\/index.php?rest_route=%2Fwp%2Fv2%2Fmedia&parent=73466"}],"wp:term":[{"taxonomy":"category","embeddable":true,"href":"https:\/\/www.egemtv.com\/index.php?rest_route=%2Fwp%2Fv2%2Fcategories&post=73466"},{"taxonomy":"post_tag","embeddable":true,"href":"https:\/\/www.egemtv.com\/index.php?rest_route=%2Fwp%2Fv2%2Ftags&post=73466"}],"curies":[{"name":"wp","href":"https:\/\/api.w.org\/{rel}","templated":true}]}}