{"id":73463,"date":"2025-12-11T12:54:55","date_gmt":"2025-12-11T09:54:55","guid":{"rendered":"https:\/\/www.egemtv.com\/?p=73463"},"modified":"2025-12-11T12:54:56","modified_gmt":"2025-12-11T09:54:56","slug":"ozcan-sert-en-kisa-surede-puan-ya-da-puanlar-toplayarak-toparlanmak-istiyoruz","status":"publish","type":"post","link":"https:\/\/www.egemtv.com\/?p=73463","title":{"rendered":"\u00d6zcan Sert: &#8220;En k\u0131sa s\u00fcrede puan ya da puanlar toplayarak toparlanmak istiyoruz&#8221;"},"content":{"rendered":"<p>TFF 3. Lig 4. Grup 13. haftas\u0131nda deplasmanda Bal\u0131kesirspor ile kar\u015f\u0131la\u015facak olan Denizli \u0130dmanyurdu ma\u00e7\u0131n\u0131n haz\u0131rl\u0131klar\u0131na ba\u015flad\u0131. Denizli \u0130dmanyurdu Teknik Sorumlusu \u00d6zcan Sert, zor bir s\u00fcre\u00e7ten ge\u00e7tiklerini ancak \u00e7al\u0131\u015fmaya devam ederek bir an \u00f6nce puan ya da puanlar kazanmak istediklerini belirtti.<br \/>\n<br \/>TFF 3. Lig 4. Grup\u2019ta 12. hafta itibariyle 6 galibiyet, 2 beraberlik, 4 yenilgi alarak 20 puan toplayan Denizli \u0130dmanyurdu; 21 puanla 4. s\u0131rada bulunan Bal\u0131kesirspor ile deplasmanda kar\u015f\u0131la\u015facak.<br \/>\n<br \/>Futbolda bahis soru\u015fturmas\u0131 kapmas\u0131nda yakla\u015f\u0131k 11 oyuncusunu kaybeden ve s\u0131k\u0131nt\u0131l\u0131 g\u00fcnler ge\u00e7iren Denizli temsilcisi kritik Bal\u0131kesirspor ma\u00e7\u0131 haz\u0131rl\u0131klar\u0131na \u015eirink\u00f6y Stad\u0131nda yapt\u0131\u011f\u0131 \u00e7al\u0131\u015fma ile ba\u015flad\u0131. Y\u00f6netim kurulu \u00fcyelerinin de izledi\u011fi ve yakla\u015f\u0131k 2 saat s\u00fcren \u00e7al\u0131\u015fmada futbolcular\u0131n istekli ve h\u0131rsl\u0131 olduklar\u0131 g\u00f6zlendi.<\/p>\n<p>&#8220;K\u00fctahya grubun en iyi tak\u0131mlar\u0131ndan&#8221;<br \/>\n<br \/>Son oynanan Kar\u015f\u0131yaka kar\u015f\u0131la\u015fmas\u0131n\u0131 ve bu hafta oynayacaklar\u0131 Bal\u0131kesirspor ma\u00e7\u0131n\u0131 de\u011ferlendiren Denizli \u0130dmanyurdu Teknik Sorumlusu \u00d6zcan Sert, &#8220;Lig lideri ile oynad\u0131k. Ma\u00e7tan \u00f6nce de s\u00f6ylemi\u015ftim; hem grubumuzun hem ligin iyi kadrosuna, en derin kadrosuna hem de en y\u00fcksek b\u00fct\u00e7esine sahip tak\u0131mlar\u0131ndan birisi oldu\u011funu belirtmi\u015ftim. Bizim i\u00e7in \u00e7ok zorlu bir ma\u00e7 olaca\u011f\u0131n\u0131, b\u00fct\u00e7e ve kadro derinli\u011fi fark\u0131 olsa da m\u00fccadele ve oyun anlam\u0131nda \u00e7al\u0131\u015fmalar\u0131m\u0131zda bir fark olu\u015fturmayaca\u011f\u0131n\u0131 s\u00f6yledim. Ma\u00e7\u0131 g\u00f6rd\u00fckten sonra buna benzer yorumlar da ald\u0131k. K\u00fctahyaspor bakt\u0131\u011f\u0131n\u0131zda ciddi bir oyuncusunu kaybetmi\u015f gibi g\u00f6r\u00fcnse de oynayan sadece bir iki oyuncusu yoktu ve kaleci Bo\u011fa\u00e7han\u2019\u0131 alm\u0131\u015flard\u0131. Bo\u011fa\u00e7han da bu ma\u00e7\u0131n en etkili oyuncular\u0131ndan biriydi. Di\u011fer k\u0131s\u0131mlarda ise bizim iskeletimizin oynanan \u00f6n hatt\u0131 komple de\u011fi\u015fik. Bu \u00f6n hatt\u0131n i\u00e7inde sonradan girecek oyuncular\u0131m\u0131z da yoktu. Oyuna m\u00fcdahale yapmak i\u00e7in normalde \u00fc\u00e7\u00fcnc\u00fc sol bekimizi ald\u0131k. O da elinden gelen m\u00fccadeleyi g\u00f6sterdi. Stoperimizi orta sahaya \u00e7ekmek durumunda kald\u0131k. Onun yan\u0131na se\u00e7melerden ald\u0131\u011f\u0131m\u0131z stoper karde\u015fimizi koyduk&#8221; diye konu\u015ftu.<\/p>\n<p>&#8220;Yenilgiye ra\u011fmen iyi m\u00fccadele ettik&#8221;<br \/>\n<br \/>&#8220;\u00dc\u00e7 d\u00f6rt mevkide oynamak durumunda kald\u0131k, dizili\u015f de\u011fi\u015ftirmek zorunda kald\u0131k&#8221; diyen teknik sorumlu Sert, &#8220;Tabii bunlar mazeret de\u011fil. Ancak bu kadar s\u0131k\u0131nt\u0131ya ra\u011fmen lig lideri K\u00fctahyaspor\u2019a kar\u015f\u0131 oynanan ma\u00e7ta daha \u00e7ok gol pozisyonuna giren, ak\u0131lc\u0131 i\u015fler yapan ve b\u00f6yle ma\u00e7\u0131n 2-0 bitmesini asla hak etmeyen bir oyun vard\u0131. Ama dedi\u011fim gibi acemilikler bu s\u00fcre\u00e7te bizi maalesef yaralayacak. Ma\u00e7ta durum 1-0\u2019ken 89. dakikada inan\u0131lmaz net bir gol ka\u00e7\u0131rd\u0131k. O top d\u00f6nd\u00fc penalt\u0131 oldu. O riskleri alm\u0131\u015ft\u0131k. Onu atm\u0131\u015f olsak 1-1 berabere kalacakt\u0131k. Ama K\u00fctahyaspor \u00e7ok kaliteli bir tak\u0131m. G\u00fczel bir ma\u00e7 oldu. Centilmence bir ma\u00e7 oldu. Onlar\u0131 da tebrik ediyorum. Kalan ma\u00e7lar\u0131nda ba\u015far\u0131lar diliyorum. Bizim oyuncu karde\u015flerimizi de verdikleri m\u00fccadeleden taktik disipline ba\u011fl\u0131 kalmakta g\u00f6sterdikleri \u00f6zveriden dolay\u0131 y\u00fcrekten kutluyorum. Bu acemilikleri de a\u015ft\u0131ktan sonra daha da iyi olacak diye tahmin ediyorum&#8221; ifadelerini kulland\u0131.<\/p>\n<p>&#8220;Son a\u00e7\u0131klamadan sonra 2 oyuncumuz daha gitti&#8221;<br \/>\n<br \/>TFF taraf\u0131ndan yap\u0131lan son a\u00e7\u0131klamalardan sonra bahis soru\u015fturmas\u0131 kapmas\u0131nda cezal\u0131 duruma d\u00fc\u015fen oyuncu say\u0131lar\u0131n\u0131n 11\u2019e \u00e7\u0131kt\u0131\u011f\u0131n\u0131 ve bunlar\u0131n ilk 11\u2019de yer alan futbolculardan olu\u015ftu\u011funa dikkat \u00e7eken \u00d6zcan Sert, &#8220;Bug\u00fcn antrenmana \u00e7\u0131kmadan \u00f6nce a\u00e7\u0131klanan listede 2 oyuncumuz daha vard\u0131. Bu \u015fekilde 2 oyuncumuz daha gitmi\u015f oldu. Biz amat\u00f6r liste a\u00e7\u0131kland\u0131ktan sonra bir iki oyuncunun daha gidece\u011fini tahmin ediyorduk ama \u015fu anda biz listeye bakt\u0131\u011f\u0131n\u0131z zaman yeterli oyuncu say\u0131m\u0131z var gibi g\u00f6z\u00fck\u00fcyor ama bu \u00e7ocuklar alt yap\u0131m\u0131zdan ald\u0131\u011f\u0131m\u0131z daha \u00f6nce burada bulunmayan, denemeye getirdi\u011fimiz s\u00fcre\u00e7te b\u00f6yle durum olunca lisanslad\u0131\u011f\u0131m\u0131z karde\u015flerimiz var. \u00c7ok kaliteli \u00e7ocuklar ama daha \u00e7ok oynamaya ve tecr\u00fcbeye ihtiya\u00e7lar\u0131 var. Bu karde\u015flerimizden sonra orta saham\u0131zda nerden baksan\u0131z elimizde Yusuf Sunbat kald\u0131&#8221; a\u00e7\u0131klamas\u0131nda bulundu.<\/p>\n<p>&#8220;Y\u00fcz y\u0131lda bir olacak olay bizim ba\u015f\u0131m\u0131za geldi&#8221;<br \/>\n<br \/>Eksiklerin fikst\u00fcre g\u00f6re \u015fanss\u0131z bir d\u00f6neme denk geldi\u011fini de s\u00f6yleyen Sert, s\u00f6zlerini \u015f\u00f6yle s\u00fcrd\u00fcrd\u00fc:<br \/>\n<br \/>&#8220;Farkl\u0131 mevkiler \u00f6zverilerle bir \u015feyler yapmaya \u00e7al\u0131\u015f\u0131yorlar. Her zaman s\u00f6yl\u00fcyorum. Bizim grupta bu s\u00fcre\u00e7ten en fazla etkilenen tak\u0131mlardan birisiyiz. Oyuncu say\u0131m\u0131z \u00e7ok azald\u0131. Oyunu oynayabilecek, oyuna hamle yapabilecek oyuncu say\u0131m\u0131z \u00e7ok azald\u0131. Elimizde kalan b\u00fct\u00fcn futbolcular\u0131m\u0131z\u0131n m\u00fccadele g\u00fcc\u00fcne, \u00f6zverisine, taktik disipline ve iyi niyetine inan\u0131yorum.   Onlarla gurur duyuyorum. Y\u00fcz y\u0131lda bir olacak bir olay bizim ba\u015f\u0131m\u0131za geldi. Bu ba\u015f\u0131m\u0131za geldi\u011finde de Kar\u015f\u0131yaka, K\u00fctahya, Bal\u0131kesir gibi ligin en formda \u00fc\u00e7 ekibi ondan sonrada 4 ma\u00e7t\u0131r kazanan Alanya Kestel gibi ligin en ciddi tak\u0131mlar\u0131ndan birisinin oldu\u011fu bir fikst\u00fcre denk geldi.&#8221;<\/p>\n<p>&#8220;En k\u0131sa s\u00fcrede puan ya da puanlar toplayarak toparlanmak istiyoruz&#8221;<br \/>\n<br \/>Kul\u00fcp olarak zor g\u00fcnlerden ge\u00e7tiklerine vurgu yapan Teknik Sorumlu Sert, &#8220;S\u0131nan\u0131yoruz \u015fu an zorlan\u0131yoruz. G\u00fczelli\u011fini ya\u015fad\u0131k, \u015fu an zorlanma a\u015famas\u0131nday\u0131z. O da Allah\u2019\u0131n yard\u0131m\u0131yla oldu bu da Allah\u2019\u0131n yard\u0131m\u0131yla, \u00e7al\u0131\u015fmayla olacak. En k\u0131sa s\u00fcrede puan ya da puanlar, en az\u0131ndan ilk devreye kadar puan toplamak istiyoruz. Bunun ard\u0131ndan hasar tespitinden sonra tak\u0131m\u0131m\u0131n \u00f6mr\u00fcn\u00fcn ne olaca\u011f\u0131 ona bakmak laz\u0131m. Bu olaydan etkilenen tak\u0131mlar ekonomik a\u00e7\u0131dan g\u00fc\u00e7l\u00fc olduklar\u0131 i\u00e7in takviye yapabilecekler. Bizde o ekonomik g\u00fc\u00e7 yok. O g\u00fc\u00e7 olsa bile alabilecek oyuncu say\u0131s\u0131 \u00e7ok azald\u0131. Biz de kritik mevkilerden oynatt\u0131\u011f\u0131m\u0131z futbolcular\u0131 kaybettik. \u0130\u015fimiz \u00e7ok zor. Hem bizim zor hem y\u00f6netimin zor. \u0130n\u015fallah bu zorlu s\u00fcrece ra\u011fmen tak\u0131m\u0131m\u0131z\u0131 aya\u011fa kald\u0131r\u0131r\u0131z&#8221; s\u00f6zlerini dile getirdi.<\/p>\n<p>&#8220;Bal\u0131kesir g\u00fc\u00e7l\u00fc bir tak\u0131m zor deplasman olacak&#8221;<br \/>\n<br \/>Bal\u0131kesirspor ile oynayacaklar\u0131 ma\u00e7a dair de\u011ferlendirme yapan Sert, &#8220;Bal\u0131kesir bu s\u00fcre\u00e7ten en az etkilenen tak\u0131mlardan birisi. Kalecileri gitti biliyorum. Kalecilerinin yerine oynayan karde\u015fimizde gen\u00e7 ama yetenekli bir kaleci. \u00d6n hatt\u0131 komple duruyor. Bal\u0131kesir sezon ba\u015f\u0131ndan beri ligin en iyi kadrolar\u0131ndan biriydi. Tecr\u00fcbeli, \u00fcretken tak\u0131md\u0131. K\u00f6t\u00fc ba\u015flay\u0131p sonra toparlam\u0131\u015flard\u0131. Ge\u00e7en haftaya kadar onlar da 8 hafta ma\u00e7 kaybetmediler. Play-off hatt\u0131nda \u00fcst\u00fcm\u00fczde olan bir tak\u0131m. Normal s\u00fcre\u00e7te bile gitmi\u015f olsak Bal\u0131kesir y\u0131llar\u0131n camias\u0131, taraftar\u0131 etkili, \u00e7ok zor ma\u00e7 olacakt\u0131. \u015eimdi daha da zor olacak&#8221; \u015feklinde konu\u015ftu.<\/p>\n<p>&#8220;3 \u00f6nemli ma\u00e7\u0131 arka arkaya oynayaca\u011f\u0131z&#8221;<br \/>\n<br \/>Son olarak s\u0131radaki 3 ma\u00e7a odaklanacaklar\u0131n\u0131 s\u00f6yleyen \u00d6zcan Sert, &#8220;Bunlar\u0131 \u0131srarla anlatmak durumunday\u0131m mazerete girmesin ancak bir de hayat\u0131n ger\u00e7ekleri var. Bal\u0131kesir\u2019e gidip oradan da puan ya da puanlar almak istiyoruz. Bu hafta da \u0130ngiliz haftas\u0131 denilen cumartesi, \u00e7ar\u015famba, pazar ma\u00e7\u0131 oynayaca\u011f\u0131z. Futbolcular\u0131ma da s\u00f6yledim; kazan\u0131rsak sevinecek vaktimiz bile yok. Allah korusun ters bir durum olsa \u00fcz\u00fclecek vaktimiz olmayacak. Biz bu \u00fc\u00e7 ma\u00e7\u0131 bir ma\u00e7 gibi de\u011ferlendirece\u011fiz. Sakatlanmadan, cezal\u0131 konuma gelmeden sahaya 11 ki\u015fi \u00e7\u0131kabilecek oyuncu say\u0131s\u0131n\u0131 yakalayarak bu kalan 3 ma\u00e7\u0131 bitirmek istiyoruz&#8221; diyerek s\u00f6zlerini tamamlad\u0131.<br \/><\/p>\n","protected":false},"excerpt":{"rendered":"<p>TFF 3. Lig 4. Grup 13. haftas\u0131nda deplasmanda Bal\u0131kesirspor ile kar\u015f\u0131la\u015facak olan Denizli \u0130dmanyurdu ma\u00e7\u0131n\u0131n haz\u0131rl\u0131klar\u0131na ba\u015flad\u0131. Denizli \u0130dmanyurdu Teknik Sorumlusu \u00d6zcan Sert, zor bir s\u00fcre\u00e7ten ge\u00e7tiklerini ancak \u00e7al\u0131\u015fmaya devam ederek bir an \u00f6nce puan ya da puanlar kazanmak istediklerini belirtti. TFF 3. Lig 4. Grup\u2019ta 12. hafta itibariyle 6 galibiyet, 2 beraberlik, 4 yenilgi&#8230;<\/p>\n","protected":false},"author":1,"featured_media":73464,"comment_status":"open","ping_status":"open","sticky":false,"template":"","format":"standard","meta":{"_crdt_document":"","footnotes":""},"categories":[4],"tags":[],"class_list":["post-73463","post","type-post","status-publish","format-standard","has-post-thumbnail","hentry","category-spor"],"_links":{"self":[{"href":"https:\/\/www.egemtv.com\/index.php?rest_route=\/wp\/v2\/posts\/73463","targetHints":{"allow":["GET"]}}],"collection":[{"href":"https:\/\/www.egemtv.com\/index.php?rest_route=\/wp\/v2\/posts"}],"about":[{"href":"https:\/\/www.egemtv.com\/index.php?rest_route=\/wp\/v2\/types\/post"}],"author":[{"embeddable":true,"href":"https:\/\/www.egemtv.com\/index.php?rest_route=\/wp\/v2\/users\/1"}],"replies":[{"embeddable":true,"href":"https:\/\/www.egemtv.com\/index.php?rest_route=%2Fwp%2Fv2%2Fcomments&post=73463"}],"version-history":[{"count":1,"href":"https:\/\/www.egemtv.com\/index.php?rest_route=\/wp\/v2\/posts\/73463\/revisions"}],"predecessor-version":[{"id":73465,"href":"https:\/\/www.egemtv.com\/index.php?rest_route=\/wp\/v2\/posts\/73463\/revisions\/73465"}],"wp:featuredmedia":[{"embeddable":true,"href":"https:\/\/www.egemtv.com\/index.php?rest_route=\/wp\/v2\/media\/73464"}],"wp:attachment":[{"href":"https:\/\/www.egemtv.com\/index.php?rest_route=%2Fwp%2Fv2%2Fmedia&parent=73463"}],"wp:term":[{"taxonomy":"category","embeddable":true,"href":"https:\/\/www.egemtv.com\/index.php?rest_route=%2Fwp%2Fv2%2Fcategories&post=73463"},{"taxonomy":"post_tag","embeddable":true,"href":"https:\/\/www.egemtv.com\/index.php?rest_route=%2Fwp%2Fv2%2Ftags&post=73463"}],"curies":[{"name":"wp","href":"https:\/\/api.w.org\/{rel}","templated":true}]}}