{"id":73460,"date":"2025-12-11T12:35:07","date_gmt":"2025-12-11T09:35:07","guid":{"rendered":"https:\/\/www.egemtv.com\/?p=73460"},"modified":"2025-12-11T12:35:08","modified_gmt":"2025-12-11T09:35:08","slug":"altintasta-okuyan-nesil-projesi-tanitildi","status":"publish","type":"post","link":"https:\/\/www.egemtv.com\/?p=73460","title":{"rendered":"Alt\u0131nta\u015f\u2019ta &#8220;Okuyan Nesil&#8221; projesi tan\u0131t\u0131ld\u0131"},"content":{"rendered":"<p>Alt\u0131nta\u015f Kaymakaml\u0131\u011f\u0131 himayesinde, \u0130l\u00e7e Milli E\u011fitim M\u00fcd\u00fcrl\u00fc\u011f\u00fc koordinasyonunda Zafer \u0130lkokulu taraf\u0131ndan y\u00fcr\u00fct\u00fclen &#8220;Okuyan Nesil&#8221; adl\u0131 projenin tan\u0131t\u0131m\u0131 ger\u00e7ekle\u015ftirildi.<br \/>\n<br \/>Projenin sunumu, \u0130l\u00e7e Komisyon \u00dcyesi \u00f6\u011fretmeni Zeynep T\u00fcrk taraf\u0131ndan yap\u0131ld\u0131. &#8220;Okuyan Nesil&#8221; projesinin amac\u0131, il\u00e7ede \u00f6\u011frenim g\u00f6ren \u00f6\u011frencilerin okuma k\u00fclt\u00fcr\u00fcn\u00fc geli\u015ftirmek, d\u00fc\u015f\u00fcnme becerilerini g\u00fc\u00e7lendirmek ve T\u00fcrkiye Y\u00fczy\u0131l\u0131 Maarif Modeli do\u011frultusunda erdemli, ele\u015ftirel d\u00fc\u015f\u00fcnen, ara\u015ft\u0131ran ve sorumluluk sahibi bireyler yeti\u015ftirmek olarak a\u00e7\u0131kland\u0131.<br \/>\n<br \/>Proje kapsam\u0131nda \u00f6\u011frencilerin d\u00fczenli okuma al\u0131\u015fkanl\u0131\u011f\u0131 kazanmalar\u0131, okuduklar\u0131n\u0131 analiz edip yorumlayabilmeleri ve elde ettikleri bilgileri g\u00fcnl\u00fck ya\u015famla ili\u015fkilendirebilmeleri hedefleniyor.<br \/><\/p>\n","protected":false},"excerpt":{"rendered":"<p>Alt\u0131nta\u015f Kaymakaml\u0131\u011f\u0131 himayesinde, \u0130l\u00e7e Milli E\u011fitim M\u00fcd\u00fcrl\u00fc\u011f\u00fc koordinasyonunda Zafer \u0130lkokulu taraf\u0131ndan y\u00fcr\u00fct\u00fclen &#8220;Okuyan Nesil&#8221; adl\u0131 projenin tan\u0131t\u0131m\u0131 ger\u00e7ekle\u015ftirildi. Projenin sunumu, \u0130l\u00e7e Komisyon \u00dcyesi \u00f6\u011fretmeni Zeynep T\u00fcrk taraf\u0131ndan yap\u0131ld\u0131. &#8220;Okuyan Nesil&#8221; projesinin amac\u0131, il\u00e7ede \u00f6\u011frenim g\u00f6ren \u00f6\u011frencilerin okuma k\u00fclt\u00fcr\u00fcn\u00fc geli\u015ftirmek, d\u00fc\u015f\u00fcnme becerilerini g\u00fc\u00e7lendirmek ve T\u00fcrkiye Y\u00fczy\u0131l\u0131 Maarif Modeli do\u011frultusunda erdemli, ele\u015ftirel d\u00fc\u015f\u00fcnen, ara\u015ft\u0131ran ve sorumluluk sahibi&#8230;<\/p>\n","protected":false},"author":1,"featured_media":73461,"comment_status":"open","ping_status":"open","sticky":false,"template":"","format":"standard","meta":{"_crdt_document":"","footnotes":""},"categories":[1],"tags":[],"class_list":["post-73460","post","type-post","status-publish","format-standard","has-post-thumbnail","hentry","category-guncel"],"_links":{"self":[{"href":"https:\/\/www.egemtv.com\/index.php?rest_route=\/wp\/v2\/posts\/73460","targetHints":{"allow":["GET"]}}],"collection":[{"href":"https:\/\/www.egemtv.com\/index.php?rest_route=\/wp\/v2\/posts"}],"about":[{"href":"https:\/\/www.egemtv.com\/index.php?rest_route=\/wp\/v2\/types\/post"}],"author":[{"embeddable":true,"href":"https:\/\/www.egemtv.com\/index.php?rest_route=\/wp\/v2\/users\/1"}],"replies":[{"embeddable":true,"href":"https:\/\/www.egemtv.com\/index.php?rest_route=%2Fwp%2Fv2%2Fcomments&post=73460"}],"version-history":[{"count":1,"href":"https:\/\/www.egemtv.com\/index.php?rest_route=\/wp\/v2\/posts\/73460\/revisions"}],"predecessor-version":[{"id":73462,"href":"https:\/\/www.egemtv.com\/index.php?rest_route=\/wp\/v2\/posts\/73460\/revisions\/73462"}],"wp:featuredmedia":[{"embeddable":true,"href":"https:\/\/www.egemtv.com\/index.php?rest_route=\/wp\/v2\/media\/73461"}],"wp:attachment":[{"href":"https:\/\/www.egemtv.com\/index.php?rest_route=%2Fwp%2Fv2%2Fmedia&parent=73460"}],"wp:term":[{"taxonomy":"category","embeddable":true,"href":"https:\/\/www.egemtv.com\/index.php?rest_route=%2Fwp%2Fv2%2Fcategories&post=73460"},{"taxonomy":"post_tag","embeddable":true,"href":"https:\/\/www.egemtv.com\/index.php?rest_route=%2Fwp%2Fv2%2Ftags&post=73460"}],"curies":[{"name":"wp","href":"https:\/\/api.w.org\/{rel}","templated":true}]}}