{"id":73457,"date":"2025-12-11T12:35:06","date_gmt":"2025-12-11T09:35:06","guid":{"rendered":"https:\/\/www.egemtv.com\/?p=73457"},"modified":"2025-12-11T12:35:07","modified_gmt":"2025-12-11T09:35:07","slug":"sokede-sap-hastaligina-karsi-siki-denetim","status":"publish","type":"post","link":"https:\/\/www.egemtv.com\/?p=73457","title":{"rendered":"S\u00f6ke\u2019de \u015fap hastal\u0131\u011f\u0131na kar\u015f\u0131 s\u0131k\u0131 denetim"},"content":{"rendered":"<p>Ayd\u0131n\u2019\u0131n S\u00f6ke il\u00e7esinde jandarma i\u015fbirli\u011fi ile \u015fap hastal\u0131\u011f\u0131 tedbirleri kapsam\u0131nda rutin yol kontrollerine devam eden il\u00e7e tar\u0131m ekipleri, canl\u0131 hayvan ta\u015f\u0131ma ara\u00e7lar\u0131n\u0131 denetledi.<\/p>\n<p>Ayd\u0131n\u2019\u0131n S\u00f6ke il\u00e7esinde \u015fap hastal\u0131\u011f\u0131na kar\u015f\u0131 al\u0131nan tedbirler kapsam\u0131nda denetimler s\u0131kla\u015ft\u0131r\u0131ld\u0131. \u0130l genelinde s\u00fcrd\u00fcr\u00fclen &#8220;\u015fap hastal\u0131\u011f\u0131 tedbirleri&#8221; do\u011frultusunda yollarda rutin kontroller yapan \u0130l\u00e7e Tar\u0131m ve Orman M\u00fcd\u00fcrl\u00fc\u011f\u00fc ekipleri, jandarma i\u015fbirli\u011fiyle canl\u0131 hayvan ta\u015f\u0131ma ara\u00e7lar\u0131n\u0131 durdurarak detayl\u0131 incelemede bulundu. \u0130l\u00e7e giri\u015f noktalar\u0131nda ger\u00e7ekle\u015ftirilen uygulamalarda hayvanlar\u0131n sa\u011fl\u0131k durumlar\u0131, k\u00fcpe numaralar\u0131 ve ta\u015f\u0131nmas\u0131 zorunlu evraklar tek tek kontrol edildi. Ekipler, hastal\u0131\u011f\u0131n yay\u0131lmas\u0131n\u0131 \u00f6nlemek amac\u0131yla kurallara uymayan ta\u015f\u0131malara kesinlikle izin vermedi. S\u00f6ke \u0130l\u00e7e Tar\u0131m ve Orman M\u00fcd\u00fcrl\u00fc\u011f\u00fc taraf\u0131ndan yap\u0131lan a\u00e7\u0131klamada, &#8220;\u015eap hastal\u0131\u011f\u0131 karantina tedbirleri kapsam\u0131nda il\u00e7e giri\u015finde \u0130l\u00e7e Jandarma Komutanl\u0131\u011f\u0131 ekipleri ile m\u00fc\u015fterek yol kontrolleri yap\u0131lmaktad\u0131r&#8221; ifadeleri yer ald\u0131.<br \/><\/p>\n","protected":false},"excerpt":{"rendered":"<p>Ayd\u0131n\u2019\u0131n S\u00f6ke il\u00e7esinde jandarma i\u015fbirli\u011fi ile \u015fap hastal\u0131\u011f\u0131 tedbirleri kapsam\u0131nda rutin yol kontrollerine devam eden il\u00e7e tar\u0131m ekipleri, canl\u0131 hayvan ta\u015f\u0131ma ara\u00e7lar\u0131n\u0131 denetledi. Ayd\u0131n\u2019\u0131n S\u00f6ke il\u00e7esinde \u015fap hastal\u0131\u011f\u0131na kar\u015f\u0131 al\u0131nan tedbirler kapsam\u0131nda denetimler s\u0131kla\u015ft\u0131r\u0131ld\u0131. \u0130l genelinde s\u00fcrd\u00fcr\u00fclen &#8220;\u015fap hastal\u0131\u011f\u0131 tedbirleri&#8221; do\u011frultusunda yollarda rutin kontroller yapan \u0130l\u00e7e Tar\u0131m ve Orman M\u00fcd\u00fcrl\u00fc\u011f\u00fc ekipleri, jandarma i\u015fbirli\u011fiyle canl\u0131 hayvan&#8230;<\/p>\n","protected":false},"author":1,"featured_media":73458,"comment_status":"open","ping_status":"open","sticky":false,"template":"","format":"standard","meta":{"_crdt_document":"","footnotes":""},"categories":[1],"tags":[],"class_list":["post-73457","post","type-post","status-publish","format-standard","has-post-thumbnail","hentry","category-guncel"],"_links":{"self":[{"href":"https:\/\/www.egemtv.com\/index.php?rest_route=\/wp\/v2\/posts\/73457","targetHints":{"allow":["GET"]}}],"collection":[{"href":"https:\/\/www.egemtv.com\/index.php?rest_route=\/wp\/v2\/posts"}],"about":[{"href":"https:\/\/www.egemtv.com\/index.php?rest_route=\/wp\/v2\/types\/post"}],"author":[{"embeddable":true,"href":"https:\/\/www.egemtv.com\/index.php?rest_route=\/wp\/v2\/users\/1"}],"replies":[{"embeddable":true,"href":"https:\/\/www.egemtv.com\/index.php?rest_route=%2Fwp%2Fv2%2Fcomments&post=73457"}],"version-history":[{"count":1,"href":"https:\/\/www.egemtv.com\/index.php?rest_route=\/wp\/v2\/posts\/73457\/revisions"}],"predecessor-version":[{"id":73459,"href":"https:\/\/www.egemtv.com\/index.php?rest_route=\/wp\/v2\/posts\/73457\/revisions\/73459"}],"wp:featuredmedia":[{"embeddable":true,"href":"https:\/\/www.egemtv.com\/index.php?rest_route=\/wp\/v2\/media\/73458"}],"wp:attachment":[{"href":"https:\/\/www.egemtv.com\/index.php?rest_route=%2Fwp%2Fv2%2Fmedia&parent=73457"}],"wp:term":[{"taxonomy":"category","embeddable":true,"href":"https:\/\/www.egemtv.com\/index.php?rest_route=%2Fwp%2Fv2%2Fcategories&post=73457"},{"taxonomy":"post_tag","embeddable":true,"href":"https:\/\/www.egemtv.com\/index.php?rest_route=%2Fwp%2Fv2%2Ftags&post=73457"}],"curies":[{"name":"wp","href":"https:\/\/api.w.org\/{rel}","templated":true}]}}