{"id":73454,"date":"2025-12-11T12:35:05","date_gmt":"2025-12-11T09:35:05","guid":{"rendered":"https:\/\/www.egemtv.com\/?p=73454"},"modified":"2025-12-11T12:35:06","modified_gmt":"2025-12-11T09:35:06","slug":"vali-coskun-bugunun-tatbikati-yarinin-hazirligidir","status":"publish","type":"post","link":"https:\/\/www.egemtv.com\/?p=73454","title":{"rendered":"Vali Co\u015fkun; &#8220;Bug\u00fcn\u00fcn tatbikat\u0131 yar\u0131n\u0131n haz\u0131rl\u0131\u011f\u0131d\u0131r&#8221;"},"content":{"rendered":"<p>T\u00fcrkiye Afet M\u00fcdahale Plan\u0131 (TAMP) \u00e7er\u00e7evesinde, Afet ve Acil Durum Y\u00f6netimi Ba\u015fkanl\u0131\u011f\u0131n\u0131n 2025 y\u0131l\u0131 Tatbikatlar Program\u0131 kapsam\u0131nda &#8220;Yerel D\u00fczey Masaba\u015f\u0131 ve Saha Tatbikat\u0131&#8221; 10 Aral\u0131k 2025 tarihinde Denizli\u2019de ba\u015far\u0131yla icra edildi.<\/p>\n<p>AFAD-RED \u00e7\u0131kt\u0131s\u0131na g\u00f6re haz\u0131rlanan senaryoda Merkezefendi, Pamukkale, Serinhisar, Tavas ve Honaz il\u00e7elerinde 5.6 b\u00fcy\u00fckl\u00fc\u011f\u00fcnde bir depremin meydana geldi\u011fi ve \u00e7e\u015fitli hasarlar\u0131n olu\u015ftu\u011fu kabul edildi. 450 personel ve 43 arac\u0131n g\u00f6rev ald\u0131\u011f\u0131 tatbikat, \u0130l Afet ve Acil Durum M\u00fcd\u00fcrl\u00fc\u011f\u00fc taraf\u0131ndan verilen tatbikat alarm\u0131 ile 24 saat esas\u0131na g\u00f6re ger\u00e7ek zamanl\u0131 olarak ba\u015flat\u0131ld\u0131.<\/p>\n<p>Tatbikat\u0131n ba\u015flamas\u0131yla birlikte, Vali \u00d6mer Faruk Co\u015fkun\u2019un ba\u015fkanl\u0131\u011f\u0131nda \u0130l Afet ve Acil Durum Koordinasyon Kurulu \u00fcyeleri h\u0131zla \u0130l AFAD Merkezi\u2019ne intikal etti. TAMP Ana \u00c7\u00f6z\u00fcm Orta\u011f\u0131 kurum y\u00f6neticilerinin de kat\u0131l\u0131m\u0131yla tatbikat\u0131n masa ba\u015f\u0131 b\u00f6l\u00fcm\u00fc \u0130l AFAD Merkezi\u2019nde ger\u00e7ekle\u015ftirildi. Toplant\u0131da AFAD \u0130l M\u00fcd\u00fcr\u00fc Y\u0131ld\u0131z Tosun taraf\u0131ndan senaryo ve genel durumla ilgili bilgilendirme sunumu yap\u0131ld\u0131.<br \/>\n<br \/>Ard\u0131ndan Vali Co\u015fkun, afetten etkilenen il\u00e7elerin Afet Y\u00f6netim Merkezi ile canl\u0131 ba\u011flant\u0131 kurarak mevcut durum hakk\u0131nda bilgi ald\u0131. De\u011ferlendirmelerin tamamlanmas\u0131n\u0131n ard\u0131ndan AFAD \u0130l M\u00fcd\u00fcr\u00fc Tosun taraf\u0131ndan afet gruplar\u0131na y\u00f6nelik ikinci sunuma ge\u00e7ilerek masaba\u015f\u0131 tatbikat\u0131n\u0131n uygulama safhas\u0131 ba\u015flat\u0131ld\u0131.<\/p>\n<p>Tatbikat sahada \u00e7ok y\u00f6nl\u00fc olarak devam ettirildi<br \/>\n<br \/>Masaba\u015f\u0131 b\u00f6l\u00fcm\u00fcn\u00fcn ard\u0131ndan afet m\u00fcdahale a\u015famas\u0131na ge\u00e7ilen tatbikat, AFAD Ba\u015fkanl\u0131\u011f\u0131 ile s\u00fcrekli koordinasyon h\u00e2linde \u00e7e\u015fitli noktalarda s\u00fcrd\u00fcr\u00fcld\u00fc. Tatbikat\u0131n AYDES (Afet Y\u00f6netimi Karar Destek Sistemi) \u00fczerinden y\u00fcr\u00fct\u00fclen k\u0131sm\u0131 devam ederken; Vali Co\u015fkun ve \u0130l Afet ve Acil Durum Koordinasyon Kurulu \u00fcyeleri Honaz il\u00e7esindeki Kocaba\u015f AFAD Lojistik Deposu\u2019na ge\u00e7ti.<\/p>\n<p>Burada AFAD, Denizli B\u00fcy\u00fck\u015fehir Belediyesi \u0130tfaiyesi, Organize Sanayi B\u00f6lgesi \u0130tfaiyesi, AFAD\u2019a akredite STK ekipleri ile ADM, Enerya, K\u0131z\u0131lay, TRAC, DESK\u0130 ve Destek AFAD g\u00f6n\u00fcll\u00fclerinin kat\u0131l\u0131m\u0131yla Kentsel Arama Kurtarma Tatbikat\u0131 ger\u00e7ekle\u015ftirildi. Senaryo gere\u011fi enkaz arama-kurtarma ve y\u00fcksekten indirme operasyonlar\u0131 sim\u00fcle edilerek, ula\u015f\u0131lan depremzedeler, sa\u011fl\u0131k m\u00fcdahalesine al\u0131nmak \u00fczere UMKE ekipleri taraf\u0131ndan ambulanslar vas\u0131tas\u0131yla Sa\u011fl\u0131k \u0130l M\u00fcd\u00fcrl\u00fc\u011f\u00fc taraf\u0131ndan kurulan sahra hastanesine sevk edildi.<\/p>\n<p>Do\u011fada arama kurtarma ve Su Alt\u0131 arama kurtarma tatbikatlar\u0131<br \/>\n<br \/>Kocaba\u015f AFAD Lojistik Deposu\u2019ndaki tatbikat\u0131n ard\u0131ndan ekipler, Pamukkale il\u00e7esi P\u0131narkent Mahallesi Yar\u0131kkaya Deresi mevkiine ge\u00e7erek Do\u011fada Arama Kurtarma Tatbikat\u0131\u2019n\u0131 izledi. Bu b\u00f6l\u00fcmde, vadi i\u00e7erisinde aya\u011f\u0131 k\u0131r\u0131lm\u0131\u015f bir kazazedenin kurtar\u0131lmas\u0131 amac\u0131yla havai hat kuruldu, kurtarma personeli hat \u00fczerinden ilerleyerek dikey ini\u015f yapt\u0131 ve kazazedeyi sedyeye alarak g\u00fcvenli b\u00f6lgeye ta\u015f\u0131d\u0131.<\/p>\n<p>Tatbikat\u0131n bir sonraki a\u015famas\u0131 Vali Recep Yaz\u0131c\u0131o\u011flu Baraj\u0131\u2019nda icra edilen Su Alt\u0131 Arama Kurtarma Tatbikat\u0131 oldu. Senaryo gere\u011fi barajda kaybolan bir vatanda\u015f, Denizli B\u00fcy\u00fck\u015fehir Belediyesi \u0130tfaiyesi Su Alt\u0131 Arama Kurtarma ekiplerince sonar cihaz\u0131yla tespit edilip 15 metre derinlikten dalg\u0131\u00e7lar taraf\u0131ndan \u00e7\u0131kar\u0131ld\u0131. Ayn\u0131 anda baraj g\u00f6l\u00fcn\u00fcn kar\u015f\u0131 k\u0131y\u0131s\u0131nda kalp krizi ge\u00e7iren bir vatanda\u015fa, karada ve suda hareket kabiliyetine sahip 88 Argo amfibik ara\u00e7la ula\u015f\u0131m sa\u011flanarak ilk m\u00fcdahalesi yap\u0131ld\u0131 ve sa\u011fl\u0131k ekiplerine teslim edildi. T\u00fcm a\u015famalar\u0131 ba\u015far\u0131yla tamamlanan Su Alt\u0131 Arama Kurtarma Tatbikat\u0131n\u0131n ard\u0131ndan program sona erdi.<\/p>\n<p>&#8220;Bug\u00fcn\u00fcn tatbikat\u0131 yar\u0131n\u0131n haz\u0131rl\u0131\u011f\u0131d\u0131r&#8221;<br \/>\n<br \/>Tatbikat\u0131n ard\u0131ndan de\u011ferlendirmelerde bulunan Vali \u00d6mer Faruk Co\u015fkun, afet gruplar\u0131n\u0131n herhangi bir afete haz\u0131rl\u0131kl\u0131 olmas\u0131n\u0131n, birlikte \u00e7al\u0131\u015fma kapasitesinin art\u0131r\u0131lmas\u0131n\u0131n ve karar verme mekanizmalar\u0131n\u0131n tecr\u00fcbe kazanmas\u0131n\u0131n \u00f6nemine vurgu yapt\u0131. Tatbikat\u0131n; kaynak kapasitesinin \u00f6l\u00e7\u00fclmesi, eksiklerin tespiti, ileti\u015fim becerilerinin test edilmesi, yerel ve uluslararas\u0131 ekiplerin koordinasyon kabiliyetlerinin geli\u015ftirilmesi ve 6 \u015eubat depremlerinden elde edilen tecr\u00fcbelerin kurumsal yap\u0131ya aktar\u0131lmas\u0131 a\u00e7\u0131s\u0131ndan kritik bir \u00f6neme sahip oldu\u011funu ifade etti.<br \/>\n<br \/>Vali Co\u015fkun, tatbikatta g\u00f6rev alan 450 personel ba\u015fta olmak \u00fczere t\u00fcm kurum ve ekiplere te\u015fekk\u00fcr ederek &#8220;Bug\u00fcn\u00fcn tatbikat\u0131, ilimiz i\u00e7in yar\u0131n\u0131n haz\u0131rl\u0131\u011f\u0131d\u0131r.&#8221; dedi.<br \/><\/p>\n","protected":false},"excerpt":{"rendered":"<p>T\u00fcrkiye Afet M\u00fcdahale Plan\u0131 (TAMP) \u00e7er\u00e7evesinde, Afet ve Acil Durum Y\u00f6netimi Ba\u015fkanl\u0131\u011f\u0131n\u0131n 2025 y\u0131l\u0131 Tatbikatlar Program\u0131 kapsam\u0131nda &#8220;Yerel D\u00fczey Masaba\u015f\u0131 ve Saha Tatbikat\u0131&#8221; 10 Aral\u0131k 2025 tarihinde Denizli\u2019de ba\u015far\u0131yla icra edildi. AFAD-RED \u00e7\u0131kt\u0131s\u0131na g\u00f6re haz\u0131rlanan senaryoda Merkezefendi, Pamukkale, Serinhisar, Tavas ve Honaz il\u00e7elerinde 5.6 b\u00fcy\u00fckl\u00fc\u011f\u00fcnde bir depremin meydana geldi\u011fi ve \u00e7e\u015fitli hasarlar\u0131n olu\u015ftu\u011fu kabul edildi&#8230;.<\/p>\n","protected":false},"author":1,"featured_media":73455,"comment_status":"open","ping_status":"open","sticky":false,"template":"","format":"standard","meta":{"_crdt_document":"","footnotes":""},"categories":[5],"tags":[],"class_list":["post-73454","post","type-post","status-publish","format-standard","has-post-thumbnail","hentry","category-asayis"],"_links":{"self":[{"href":"https:\/\/www.egemtv.com\/index.php?rest_route=\/wp\/v2\/posts\/73454","targetHints":{"allow":["GET"]}}],"collection":[{"href":"https:\/\/www.egemtv.com\/index.php?rest_route=\/wp\/v2\/posts"}],"about":[{"href":"https:\/\/www.egemtv.com\/index.php?rest_route=\/wp\/v2\/types\/post"}],"author":[{"embeddable":true,"href":"https:\/\/www.egemtv.com\/index.php?rest_route=\/wp\/v2\/users\/1"}],"replies":[{"embeddable":true,"href":"https:\/\/www.egemtv.com\/index.php?rest_route=%2Fwp%2Fv2%2Fcomments&post=73454"}],"version-history":[{"count":1,"href":"https:\/\/www.egemtv.com\/index.php?rest_route=\/wp\/v2\/posts\/73454\/revisions"}],"predecessor-version":[{"id":73456,"href":"https:\/\/www.egemtv.com\/index.php?rest_route=\/wp\/v2\/posts\/73454\/revisions\/73456"}],"wp:featuredmedia":[{"embeddable":true,"href":"https:\/\/www.egemtv.com\/index.php?rest_route=\/wp\/v2\/media\/73455"}],"wp:attachment":[{"href":"https:\/\/www.egemtv.com\/index.php?rest_route=%2Fwp%2Fv2%2Fmedia&parent=73454"}],"wp:term":[{"taxonomy":"category","embeddable":true,"href":"https:\/\/www.egemtv.com\/index.php?rest_route=%2Fwp%2Fv2%2Fcategories&post=73454"},{"taxonomy":"post_tag","embeddable":true,"href":"https:\/\/www.egemtv.com\/index.php?rest_route=%2Fwp%2Fv2%2Ftags&post=73454"}],"curies":[{"name":"wp","href":"https:\/\/api.w.org\/{rel}","templated":true}]}}