{"id":73451,"date":"2025-12-11T12:35:04","date_gmt":"2025-12-11T09:35:04","guid":{"rendered":"https:\/\/www.egemtv.com\/?p=73451"},"modified":"2025-12-11T12:35:05","modified_gmt":"2025-12-11T09:35:05","slug":"takla-atan-arac-banka-subesine-carparak-durabildi-2-yarali","status":"publish","type":"post","link":"https:\/\/www.egemtv.com\/?p=73451","title":{"rendered":"Takla atan ara\u00e7 banka \u015fubesine \u00e7arparak durabildi: 2 yaral\u0131"},"content":{"rendered":"<p>Ayd\u0131n\u2019\u0131n Efeler il\u00e7esinde s\u00fcr\u00fcc\u00fcn\u00fcn direksiyon hakimiyetini kaybetti\u011fi otomobil takla at\u0131p banka \u015fubesine \u00e7arparak dururken, otomobilde bulunan 2 ki\u015fi yaraland\u0131.<br \/>\n<br \/>Kaza, Kurtulu\u015f Mahallesi yeni d\u00f6rt yol mevkiinde gece saatlerinde meydana geldi. Edinilen bilgiye g\u00f6re, Denizli Bulvar\u0131 istikametinden \u0130zmir Bulvar\u0131\u2019na do\u011fru seyir halinde olan 09 AGZ 059 plakal\u0131 otomobil s\u00fcr\u00fcc\u00fcs\u00fcn\u00fcn, hen\u00fcz bilinmeyen bir nedenle direksiyon hakimiyetini kaybetmesi sonucu savruldu. Takla atan otomobil b\u00fcy\u00fck bir g\u00fcr\u00fclt\u00fcyle yol kenar\u0131ndaki demir bariyerleri a\u015farak bir banka \u015fubesine \u00e7arparak durdu. Kazada otomobil s\u00fcr\u00fcc\u00fcs\u00fc ve yolcu konumundaki 1 ki\u015fi yaraland\u0131. Kazay\u0131 g\u00f6renler durumu 112 Acil \u00c7a\u011fr\u0131 Merkezi\u2019ne bildirdi. \u0130hbar \u00fczerine b\u00f6lgeye sa\u011fl\u0131k, polis ve itfaiye ekipleri sevk edildi. K\u0131sa s\u00fcrede olay yerine gelen Ayd\u0131n B\u00fcy\u00fck\u015fehir Belediyesi \u0130tfaiye Daire Ba\u015fkanl\u0131\u011f\u0131 ekipleri yaral\u0131lar\u0131 s\u0131k\u0131\u015ft\u0131klar\u0131 ara\u00e7 i\u00e7erinden sa\u011fl\u0131k ekiplerine teslim etti. Sa\u011fl\u0131k ekipleri taraf\u0131ndan ilk m\u00fcdahaleleri yap\u0131lan yaral\u0131lar ambulanslarla hastaneye kald\u0131r\u0131larak tedavi alt\u0131na al\u0131nd\u0131. Kazaya kar\u0131\u015fan otomobil, \u00e7ekici marifeti ile olay yerinden kald\u0131r\u0131l\u0131rken, kazan\u0131n yaya ve insan trafi\u011finin yo\u011fun oldu\u011fu b\u00f6lgede gece saatlerinde ya\u015fanmas\u0131 muhtemel bir facian\u0131n da \u00f6n\u00fcne ge\u00e7ti.<br \/>\n<br \/>Kazayla ilgili soru\u015fturma s\u00fcr\u00fcyor.<br \/><\/p>\n","protected":false},"excerpt":{"rendered":"<p>Ayd\u0131n\u2019\u0131n Efeler il\u00e7esinde s\u00fcr\u00fcc\u00fcn\u00fcn direksiyon hakimiyetini kaybetti\u011fi otomobil takla at\u0131p banka \u015fubesine \u00e7arparak dururken, otomobilde bulunan 2 ki\u015fi yaraland\u0131. Kaza, Kurtulu\u015f Mahallesi yeni d\u00f6rt yol mevkiinde gece saatlerinde meydana geldi. Edinilen bilgiye g\u00f6re, Denizli Bulvar\u0131 istikametinden \u0130zmir Bulvar\u0131\u2019na do\u011fru seyir halinde olan 09 AGZ 059 plakal\u0131 otomobil s\u00fcr\u00fcc\u00fcs\u00fcn\u00fcn, hen\u00fcz bilinmeyen bir nedenle direksiyon hakimiyetini kaybetmesi&#8230;<\/p>\n","protected":false},"author":1,"featured_media":73452,"comment_status":"open","ping_status":"open","sticky":false,"template":"","format":"standard","meta":{"_crdt_document":"","footnotes":""},"categories":[5],"tags":[],"class_list":["post-73451","post","type-post","status-publish","format-standard","has-post-thumbnail","hentry","category-asayis"],"_links":{"self":[{"href":"https:\/\/www.egemtv.com\/index.php?rest_route=\/wp\/v2\/posts\/73451","targetHints":{"allow":["GET"]}}],"collection":[{"href":"https:\/\/www.egemtv.com\/index.php?rest_route=\/wp\/v2\/posts"}],"about":[{"href":"https:\/\/www.egemtv.com\/index.php?rest_route=\/wp\/v2\/types\/post"}],"author":[{"embeddable":true,"href":"https:\/\/www.egemtv.com\/index.php?rest_route=\/wp\/v2\/users\/1"}],"replies":[{"embeddable":true,"href":"https:\/\/www.egemtv.com\/index.php?rest_route=%2Fwp%2Fv2%2Fcomments&post=73451"}],"version-history":[{"count":1,"href":"https:\/\/www.egemtv.com\/index.php?rest_route=\/wp\/v2\/posts\/73451\/revisions"}],"predecessor-version":[{"id":73453,"href":"https:\/\/www.egemtv.com\/index.php?rest_route=\/wp\/v2\/posts\/73451\/revisions\/73453"}],"wp:featuredmedia":[{"embeddable":true,"href":"https:\/\/www.egemtv.com\/index.php?rest_route=\/wp\/v2\/media\/73452"}],"wp:attachment":[{"href":"https:\/\/www.egemtv.com\/index.php?rest_route=%2Fwp%2Fv2%2Fmedia&parent=73451"}],"wp:term":[{"taxonomy":"category","embeddable":true,"href":"https:\/\/www.egemtv.com\/index.php?rest_route=%2Fwp%2Fv2%2Fcategories&post=73451"},{"taxonomy":"post_tag","embeddable":true,"href":"https:\/\/www.egemtv.com\/index.php?rest_route=%2Fwp%2Fv2%2Ftags&post=73451"}],"curies":[{"name":"wp","href":"https:\/\/api.w.org\/{rel}","templated":true}]}}