{"id":73448,"date":"2025-12-11T12:35:03","date_gmt":"2025-12-11T09:35:03","guid":{"rendered":"https:\/\/www.egemtv.com\/?p=73448"},"modified":"2025-12-11T12:35:03","modified_gmt":"2025-12-11T09:35:03","slug":"cavdarhisar-aizanoi-antik-kentinde-kazi-ve-restorasyon-calismalari-devam-ediyor","status":"publish","type":"post","link":"https:\/\/www.egemtv.com\/?p=73448","title":{"rendered":"\u00c7avdarhisar Aizanoi Antik Kenti\u2019nde kaz\u0131 ve restorasyon \u00e7al\u0131\u015fmalar\u0131 devam ediyor"},"content":{"rendered":"<p>K\u00fctahya Valisi Musa I\u015f\u0131n, \u00c7avdarhisar il\u00e7esinde bulunan Aizanoi Antik Kenti\u2019nde y\u00fcr\u00fct\u00fclen kaz\u0131 ve restorasyon \u00e7al\u0131\u015fmalar\u0131n\u0131 yerinde inceleyerek yetkililerden bilgi ald\u0131. Ziyarette kaz\u0131 ba\u015fkan\u0131 Prof. Dr. G\u00f6khan Co\u015fkun, antik kentte y\u00fcr\u00fct\u00fclen \u00e7al\u0131\u015fmalardaki son durumu aktard\u0131.<br \/>\n<br \/>Yakla\u015f\u0131k 2 bin y\u0131ll\u0131k tarihe sahip Aizanoi\u2019de K\u00fclt\u00fcr ve Turizm Bakanl\u0131\u011f\u0131 destekleriyle s\u00fcrd\u00fcr\u00fclen kaz\u0131lar\u0131n, Gelece\u011fe Miras Projesi kapsam\u0131nda bu y\u0131l h\u0131z kazand\u0131\u011f\u0131 belirtildi. Prof. Dr. Co\u015fkun, Zeus Tap\u0131na\u011f\u0131 \u00e7evresindeki kaz\u0131lar\u0131n tamamland\u0131\u011f\u0131n\u0131, tap\u0131na\u011f\u0131n ta\u015f\u0131d\u0131\u011f\u0131 statik riskler nedeniyle haz\u0131rlanan restorasyon projesinin bahar aylar\u0131nda uygulamaya ba\u015flanmas\u0131n\u0131n hedeflendi\u011fini ifade etti.<br \/>\n<br \/>Vali I\u015f\u0131n yapt\u0131\u011f\u0131 a\u00e7\u0131klamada, Aizanoi\u2019nin K\u00fctahya ve b\u00f6lge turizmi i\u00e7in stratejik bir \u00f6neme sahip oldu\u011funa dikkat \u00e7ekerek \u015funlar\u0131 s\u00f6yledi: &#8220;Aizanoi, K\u00fctahya\u2019m\u0131z i\u00e7in \u00e7ok k\u0131ymetli bir k\u00fclt\u00fcrel mirast\u0131r. Hocam\u0131z ve ekibi burada \u00e7ok de\u011ferli bir \u00e7al\u0131\u015fma y\u00fcr\u00fct\u00fcyor. Restorasyon projesi 2026 y\u0131l\u0131 yat\u0131r\u0131m program\u0131na al\u0131nd\u0131. Bakanl\u0131\u011f\u0131m\u0131z\u0131n bu s\u00fcre\u00e7te g\u00f6sterdi\u011fi \u00f6zel ilgi i\u00e7in \u015f\u00fckranlar\u0131m\u0131z\u0131 sunuyoruz. Eserlerin aya\u011fa kalkmas\u0131 hem tarihimize hem de turizmimize b\u00fcy\u00fck katk\u0131 sa\u011flayacakt\u0131r.&#8221;<br \/>\n<br \/>Vali I\u015f\u0131n, restorasyon s\u00fcrecinin tamamlanmas\u0131n\u0131n ard\u0131ndan antik tiyatro ve stadyum alanlar\u0131n\u0131n da projeye dahil edilece\u011fini, bu yap\u0131lar\u0131n da ihya edilmesiyle Aizanoi\u2019nin uluslararas\u0131 \u00f6l\u00e7ekte \u00f6nemli bir turizm cazibe merkezine d\u00f6n\u00fc\u015fece\u011fini kaydetti.<br \/>\n<br \/>Ziyaret, kaz\u0131 alanlar\u0131nda yap\u0131lan incelemeler, ekip de\u011ferlendirmeleri ve Aizanoi\u2019nin gelece\u011fine y\u00f6nelik planlamalar\u0131n ard\u0131ndan sona erdi.<br \/><\/p>\n","protected":false},"excerpt":{"rendered":"<p>K\u00fctahya Valisi Musa I\u015f\u0131n, \u00c7avdarhisar il\u00e7esinde bulunan Aizanoi Antik Kenti\u2019nde y\u00fcr\u00fct\u00fclen kaz\u0131 ve restorasyon \u00e7al\u0131\u015fmalar\u0131n\u0131 yerinde inceleyerek yetkililerden bilgi ald\u0131. Ziyarette kaz\u0131 ba\u015fkan\u0131 Prof. Dr. G\u00f6khan Co\u015fkun, antik kentte y\u00fcr\u00fct\u00fclen \u00e7al\u0131\u015fmalardaki son durumu aktard\u0131. Yakla\u015f\u0131k 2 bin y\u0131ll\u0131k tarihe sahip Aizanoi\u2019de K\u00fclt\u00fcr ve Turizm Bakanl\u0131\u011f\u0131 destekleriyle s\u00fcrd\u00fcr\u00fclen kaz\u0131lar\u0131n, Gelece\u011fe Miras Projesi kapsam\u0131nda bu y\u0131l h\u0131z&#8230;<\/p>\n","protected":false},"author":1,"featured_media":73449,"comment_status":"open","ping_status":"open","sticky":false,"template":"","format":"standard","meta":{"_crdt_document":"","footnotes":""},"categories":[1],"tags":[],"class_list":["post-73448","post","type-post","status-publish","format-standard","has-post-thumbnail","hentry","category-guncel"],"_links":{"self":[{"href":"https:\/\/www.egemtv.com\/index.php?rest_route=\/wp\/v2\/posts\/73448","targetHints":{"allow":["GET"]}}],"collection":[{"href":"https:\/\/www.egemtv.com\/index.php?rest_route=\/wp\/v2\/posts"}],"about":[{"href":"https:\/\/www.egemtv.com\/index.php?rest_route=\/wp\/v2\/types\/post"}],"author":[{"embeddable":true,"href":"https:\/\/www.egemtv.com\/index.php?rest_route=\/wp\/v2\/users\/1"}],"replies":[{"embeddable":true,"href":"https:\/\/www.egemtv.com\/index.php?rest_route=%2Fwp%2Fv2%2Fcomments&post=73448"}],"version-history":[{"count":1,"href":"https:\/\/www.egemtv.com\/index.php?rest_route=\/wp\/v2\/posts\/73448\/revisions"}],"predecessor-version":[{"id":73450,"href":"https:\/\/www.egemtv.com\/index.php?rest_route=\/wp\/v2\/posts\/73448\/revisions\/73450"}],"wp:featuredmedia":[{"embeddable":true,"href":"https:\/\/www.egemtv.com\/index.php?rest_route=\/wp\/v2\/media\/73449"}],"wp:attachment":[{"href":"https:\/\/www.egemtv.com\/index.php?rest_route=%2Fwp%2Fv2%2Fmedia&parent=73448"}],"wp:term":[{"taxonomy":"category","embeddable":true,"href":"https:\/\/www.egemtv.com\/index.php?rest_route=%2Fwp%2Fv2%2Fcategories&post=73448"},{"taxonomy":"post_tag","embeddable":true,"href":"https:\/\/www.egemtv.com\/index.php?rest_route=%2Fwp%2Fv2%2Ftags&post=73448"}],"curies":[{"name":"wp","href":"https:\/\/api.w.org\/{rel}","templated":true}]}}