{"id":73445,"date":"2025-12-11T12:35:01","date_gmt":"2025-12-11T09:35:01","guid":{"rendered":"https:\/\/www.egemtv.com\/?p=73445"},"modified":"2025-12-11T12:35:03","modified_gmt":"2025-12-11T09:35:03","slug":"yilbasi-oncesi-sahte-icki-operasyonlari-68-olayda-86-supheli-yakalandi","status":"publish","type":"post","link":"https:\/\/www.egemtv.com\/?p=73445","title":{"rendered":"Y\u0131lba\u015f\u0131 \u00f6ncesi sahte i\u00e7ki operasyonlar\u0131: 68 olayda 86 \u015f\u00fcpheli yakaland\u0131"},"content":{"rendered":"<p>\u0130zmir\u2019de y\u0131lba\u015f\u0131 \u00f6ncesi Karaba\u011flar ve Torbal\u0131\u2019da ger\u00e7ekle\u015fen bask\u0131nlarda 650 litre sahte i\u00e7ki ve 640 litre etil alkol ele ge\u00e7irildi. \u0130l genelinde ger\u00e7ekle\u015ftirilen 68 ayr\u0131 operasyon kapsam\u0131nda ise yine tonlarca sahte i\u00e7ki ve ka\u00e7ak \u00fcr\u00fcn ele ge\u00e7irilirken, 86 \u015f\u00fcpheli hakk\u0131nda i\u015flem yap\u0131ld\u0131; 4 ki\u015fi tutukland\u0131.<br \/>\n<br \/>\u0130zmir \u0130l Emniyet M\u00fcd\u00fcrl\u00fc\u011f\u00fc Ka\u00e7ak\u00e7\u0131l\u0131k Su\u00e7lar\u0131yla M\u00fccadele \u015eube M\u00fcd\u00fcrl\u00fc\u011f\u00fc ekipleri, y\u0131lba\u015f\u0131 \u00f6ncesi sahte ve ka\u00e7ak alkol \u00fcretimi ile sat\u0131\u015f\u0131n\u0131n \u00f6nlenmesine y\u00f6nelik \u00e7al\u0131\u015fmalar kapsam\u0131nda Karaba\u011flar ve Torbal\u0131 il\u00e7elerinde merdiven alt\u0131 imalathane ve bir i\u015f yerine operasyon d\u00fczenledi. Operasyonlarda 650 litre sahte\/ka\u00e7ak i\u00e7ki ile 640 litre taklit etiketli etil alkol ele ge\u00e7irildi.<\/p>\n<p>Ayr\u0131ca Cumhuriyet Ba\u015fsavc\u0131l\u0131klar\u0131 koordinesinde y\u0131lba\u015f\u0131na k\u0131sa s\u00fcre kala y\u00fcr\u00fct\u00fclen \u00e7al\u0131\u015fmalarda ise kent genelinde 68 operasyon ger\u00e7ekle\u015ftirildi. Operasyonlarda 86 \u015f\u00fcpheli hakk\u0131nda adli i\u015flem yap\u0131ld\u0131, 4 \u015f\u00fcpheli tutukland\u0131. Ekiplerin kent genelindeki operasyon ve denetimlerinde ayr\u0131ca: 8.3 ton etil alkol, 930 \u015fi\u015fe\/litre sahte i\u00e7ki, 5 adet i\u00e7ki yap\u0131m\u0131nda kullan\u0131lan aroma, 494 bin 560 doldurulmu\u015f makaron, 84 bin 400 bo\u015f makaron, 5 bin 454 paket g\u00fcmr\u00fck ka\u00e7a\u011f\u0131 sigara, 873 puro, 351 kilogram t\u00fct\u00fcn, 806 adet sahte ila\u00e7 ile 497 elektronik sigara cihaz\u0131 ele ge\u00e7irildi.<br \/>\n<br \/>Yap\u0131lan \u00e7al\u0131\u015fmalarla devletin yakla\u015f\u0131k 15 milyon TL vergi kayb\u0131n\u0131n \u00f6n\u00fcne ge\u00e7ildi\u011fi belirtildi.<br \/><\/p>\n","protected":false},"excerpt":{"rendered":"<p>\u0130zmir\u2019de y\u0131lba\u015f\u0131 \u00f6ncesi Karaba\u011flar ve Torbal\u0131\u2019da ger\u00e7ekle\u015fen bask\u0131nlarda 650 litre sahte i\u00e7ki ve 640 litre etil alkol ele ge\u00e7irildi. \u0130l genelinde ger\u00e7ekle\u015ftirilen 68 ayr\u0131 operasyon kapsam\u0131nda ise yine tonlarca sahte i\u00e7ki ve ka\u00e7ak \u00fcr\u00fcn ele ge\u00e7irilirken, 86 \u015f\u00fcpheli hakk\u0131nda i\u015flem yap\u0131ld\u0131; 4 ki\u015fi tutukland\u0131. \u0130zmir \u0130l Emniyet M\u00fcd\u00fcrl\u00fc\u011f\u00fc Ka\u00e7ak\u00e7\u0131l\u0131k Su\u00e7lar\u0131yla M\u00fccadele \u015eube M\u00fcd\u00fcrl\u00fc\u011f\u00fc ekipleri, y\u0131lba\u015f\u0131&#8230;<\/p>\n","protected":false},"author":1,"featured_media":73446,"comment_status":"open","ping_status":"open","sticky":false,"template":"","format":"standard","meta":{"_crdt_document":"","footnotes":""},"categories":[5],"tags":[],"class_list":["post-73445","post","type-post","status-publish","format-standard","has-post-thumbnail","hentry","category-asayis"],"_links":{"self":[{"href":"https:\/\/www.egemtv.com\/index.php?rest_route=\/wp\/v2\/posts\/73445","targetHints":{"allow":["GET"]}}],"collection":[{"href":"https:\/\/www.egemtv.com\/index.php?rest_route=\/wp\/v2\/posts"}],"about":[{"href":"https:\/\/www.egemtv.com\/index.php?rest_route=\/wp\/v2\/types\/post"}],"author":[{"embeddable":true,"href":"https:\/\/www.egemtv.com\/index.php?rest_route=\/wp\/v2\/users\/1"}],"replies":[{"embeddable":true,"href":"https:\/\/www.egemtv.com\/index.php?rest_route=%2Fwp%2Fv2%2Fcomments&post=73445"}],"version-history":[{"count":1,"href":"https:\/\/www.egemtv.com\/index.php?rest_route=\/wp\/v2\/posts\/73445\/revisions"}],"predecessor-version":[{"id":73447,"href":"https:\/\/www.egemtv.com\/index.php?rest_route=\/wp\/v2\/posts\/73445\/revisions\/73447"}],"wp:featuredmedia":[{"embeddable":true,"href":"https:\/\/www.egemtv.com\/index.php?rest_route=\/wp\/v2\/media\/73446"}],"wp:attachment":[{"href":"https:\/\/www.egemtv.com\/index.php?rest_route=%2Fwp%2Fv2%2Fmedia&parent=73445"}],"wp:term":[{"taxonomy":"category","embeddable":true,"href":"https:\/\/www.egemtv.com\/index.php?rest_route=%2Fwp%2Fv2%2Fcategories&post=73445"},{"taxonomy":"post_tag","embeddable":true,"href":"https:\/\/www.egemtv.com\/index.php?rest_route=%2Fwp%2Fv2%2Ftags&post=73445"}],"curies":[{"name":"wp","href":"https:\/\/api.w.org\/{rel}","templated":true}]}}