{"id":73442,"date":"2025-12-11T12:15:36","date_gmt":"2025-12-11T09:15:36","guid":{"rendered":"https:\/\/www.egemtv.com\/?p=73442"},"modified":"2025-12-11T12:15:37","modified_gmt":"2025-12-11T09:15:37","slug":"adude-diksiyon-ve-topluluk-onunde-konusma-sanati-etkinligi-gerceklesti","status":"publish","type":"post","link":"https:\/\/www.egemtv.com\/?p=73442","title":{"rendered":"AD\u00dc\u2019de &#8220;Diksiyon ve Topluluk \u00d6n\u00fcnde Konu\u015fma Sanat\u0131&#8221; etkinli\u011fi ger\u00e7ekle\u015fti"},"content":{"rendered":"<p>Adnan Menderes \u00dcniversitesi ADEM (Akademik D\u00fc\u015f\u00fcnce E\u011fitim Medeniyet) ve Gen\u00e7 Liderler Toplulu\u011fu taraf\u0131ndan d\u00fczenlenen &#8220;Diksiyon ve Topluluk \u00d6n\u00fcnde Konu\u015fma Sanat\u0131&#8221; etkinli\u011fi, Atat\u00fcrk Kongre Merkezi Ayd\u0131n Bey Salonu\u2019nda ger\u00e7ekle\u015ftirildi.<\/p>\n<p>Etkinli\u011fe konu\u015fmac\u0131 olarak kat\u0131lan \u00d6\u011fr. G\u00f6r. Mehmet Atik, sunumunda kat\u0131l\u0131mc\u0131lara etkili ileti\u015fim, do\u011fru nefes kullan\u0131m\u0131, sahne hakimiyeti ve topluluk \u00f6n\u00fcnde konu\u015fma teknikleri \u00fczerine kapsaml\u0131 bilgiler aktard\u0131. Sunumu boyunca ileti\u015fimin temel ilkelerini ele alan \u00d6\u011fr. G\u00f6r. Atik; ses, nefes ve artik\u00fclasyonun profesyonel konu\u015fmadaki \u00f6nemini \u00f6rnek uygulamalarla ortaya koydu. Ayr\u0131ca sahne duru\u015fu, vurgu ve tonlama gibi unsurlar\u0131n etkili bir hitabetin vazge\u00e7ilmez par\u00e7alar\u0131 oldu\u011funa dikkat \u00e7ekti.<\/p>\n<p>\u00d6\u011frencilerin yo\u011fun ilgi g\u00f6sterdi\u011fi program, interaktif uygulamalarla zenginle\u015ftirilerek verimli bir \u00f6\u011frenme ortam\u0131 sa\u011flad\u0131. E\u011fitimin uygulama b\u00f6l\u00fcm\u00fcnde kat\u0131l\u0131mc\u0131lar, \u015fiir okuyarak sahne deneyimi kazanma f\u0131rsat\u0131 buldu. Etkinlik, \u00d6\u011fr. G\u00f6r. Mehmet Atik\u2019e te\u015fekk\u00fcr belgesi takdim edilmesi sona erdi.<br \/><\/p>\n","protected":false},"excerpt":{"rendered":"<p>Adnan Menderes \u00dcniversitesi ADEM (Akademik D\u00fc\u015f\u00fcnce E\u011fitim Medeniyet) ve Gen\u00e7 Liderler Toplulu\u011fu taraf\u0131ndan d\u00fczenlenen &#8220;Diksiyon ve Topluluk \u00d6n\u00fcnde Konu\u015fma Sanat\u0131&#8221; etkinli\u011fi, Atat\u00fcrk Kongre Merkezi Ayd\u0131n Bey Salonu\u2019nda ger\u00e7ekle\u015ftirildi. Etkinli\u011fe konu\u015fmac\u0131 olarak kat\u0131lan \u00d6\u011fr. G\u00f6r. Mehmet Atik, sunumunda kat\u0131l\u0131mc\u0131lara etkili ileti\u015fim, do\u011fru nefes kullan\u0131m\u0131, sahne hakimiyeti ve topluluk \u00f6n\u00fcnde konu\u015fma teknikleri \u00fczerine kapsaml\u0131 bilgiler aktard\u0131. Sunumu&#8230;<\/p>\n","protected":false},"author":1,"featured_media":73443,"comment_status":"open","ping_status":"open","sticky":false,"template":"","format":"standard","meta":{"_crdt_document":"","footnotes":""},"categories":[1],"tags":[],"class_list":["post-73442","post","type-post","status-publish","format-standard","has-post-thumbnail","hentry","category-guncel"],"_links":{"self":[{"href":"https:\/\/www.egemtv.com\/index.php?rest_route=\/wp\/v2\/posts\/73442","targetHints":{"allow":["GET"]}}],"collection":[{"href":"https:\/\/www.egemtv.com\/index.php?rest_route=\/wp\/v2\/posts"}],"about":[{"href":"https:\/\/www.egemtv.com\/index.php?rest_route=\/wp\/v2\/types\/post"}],"author":[{"embeddable":true,"href":"https:\/\/www.egemtv.com\/index.php?rest_route=\/wp\/v2\/users\/1"}],"replies":[{"embeddable":true,"href":"https:\/\/www.egemtv.com\/index.php?rest_route=%2Fwp%2Fv2%2Fcomments&post=73442"}],"version-history":[{"count":1,"href":"https:\/\/www.egemtv.com\/index.php?rest_route=\/wp\/v2\/posts\/73442\/revisions"}],"predecessor-version":[{"id":73444,"href":"https:\/\/www.egemtv.com\/index.php?rest_route=\/wp\/v2\/posts\/73442\/revisions\/73444"}],"wp:featuredmedia":[{"embeddable":true,"href":"https:\/\/www.egemtv.com\/index.php?rest_route=\/wp\/v2\/media\/73443"}],"wp:attachment":[{"href":"https:\/\/www.egemtv.com\/index.php?rest_route=%2Fwp%2Fv2%2Fmedia&parent=73442"}],"wp:term":[{"taxonomy":"category","embeddable":true,"href":"https:\/\/www.egemtv.com\/index.php?rest_route=%2Fwp%2Fv2%2Fcategories&post=73442"},{"taxonomy":"post_tag","embeddable":true,"href":"https:\/\/www.egemtv.com\/index.php?rest_route=%2Fwp%2Fv2%2Ftags&post=73442"}],"curies":[{"name":"wp","href":"https:\/\/api.w.org\/{rel}","templated":true}]}}