{"id":73439,"date":"2025-12-11T12:15:35","date_gmt":"2025-12-11T09:15:35","guid":{"rendered":"https:\/\/www.egemtv.com\/?p=73439"},"modified":"2025-12-11T12:15:36","modified_gmt":"2025-12-11T09:15:36","slug":"izmirde-belediye-iscileri-yarim-gun-is-birakma-eyleminde","status":"publish","type":"post","link":"https:\/\/www.egemtv.com\/?p=73439","title":{"rendered":"\u0130zmir\u2019de belediye i\u015f\u00e7ileri yar\u0131m g\u00fcn i\u015f b\u0131rakma eyleminde"},"content":{"rendered":"<p>\u0130zmir\u2019de B\u00fcy\u00fck\u015fehir Belediyesi \u015firketlerinde \u00e7al\u0131\u015fan i\u015f\u00e7iler, \u00f6deme krizi ve i\u015ften \u00e7\u0131karmalara kar\u015f\u0131 y\u00fcr\u00fcy\u00fc\u015flerinin 4\u2019\u00fcnc\u00fc g\u00fcn\u00fcnde yar\u0131m g\u00fcn i\u015f b\u0131rakma eylemi ger\u00e7ekle\u015ftirdi. Y\u00fcr\u00fcy\u00fc\u015f\u00fcn ard\u0131ndan ger\u00e7ekle\u015ftirilen bas\u0131n a\u00e7\u0131klamas\u0131nda \u0130zmir B\u00fcy\u00fck\u015fehir Belediye Meclisi CHP Grubu S\u00f6zc\u00fcs\u00fc Ya\u011fmur Yurdakul\u2019a tepki g\u00f6sterildi.<br \/>\n<br \/>\u0130zmir B\u00fcy\u00fck\u015fehir Belediyesi\u2019ne ba\u011fl\u0131 \u0130ZENERJ\u0130, \u0130ZELMAN, \u0130ZTEK ve Ege\u015fehir\u2019de aylard\u0131r s\u00fcren \u00f6deme krizi ve i\u015ften \u00e7\u0131kart\u0131lmak \u00fczere havuza al\u0131nan 300\u2019den fazla i\u015f\u00e7inin i\u015flerine geri al\u0131nmas\u0131 talebi nedeniyle ba\u015flayan eylemler 4\u2019\u00fcnc\u00fc g\u00fcn\u00fcnde de devam etti. \u0130lk olarak ge\u00e7ti\u011fimiz pazartesi g\u00fcn\u00fc \u2019\u00c7\u0131plak Maa\u015fa \u00c7\u0131plak Ayak Y\u00fcr\u00fcy\u00fc\u015f\u00fc\u2019 d\u00fczenleyen i\u015f\u00e7iler, eylemin 4\u2019\u00fcnc\u00fc g\u00fcn\u00fcnde yar\u0131m g\u00fcn i\u015f b\u0131rakma eylemi ger\u00e7ekle\u015ftirdi. Yine Konak Pier\u2019den K\u00fclt\u00fcrpark Basmane Kap\u0131s\u0131 \u00f6n\u00fcne kadar y\u00fcr\u00fcyen i\u015f\u00e7iler, sloganlarla Fevzipa\u015fa Caddesi\u2019nde kortej olu\u015fturdu.<\/p>\n<p>&#8220;Tasarruf i\u015f\u00e7inin ekme\u011finden olmaz&#8221;<br \/>\n<br \/>Basmane Kap\u0131s\u0131 \u00f6n\u00fcnde yap\u0131lan bas\u0131n a\u00e7\u0131klamas\u0131nda konu\u015fan Genel-\u0130\u015f \u0130zmir 2 No\u2019lu \u015eube Ba\u015fkan\u0131 Ercan G\u00fcl, \u0130zmir B\u00fcy\u00fck\u015fehir Belediye Meclisi CHP Grubu S\u00f6zc\u00fcs\u00fc Ya\u011fmur Yurdakul\u2019un \u2019D\u0130SK-AK Parti birlikte eylem yap\u0131yor\u2019 s\u00f6zlerine tepki g\u00f6stererek \u015fu s\u00f6zlere yer verdi: &#8220;Cemil Ba\u015fkan\u0131n g\u00f6z\u00fcne az gelmi\u015f olabilir ama biz 4 g\u00fcnd\u00fcr i\u015fyerlerimizde bask\u0131 ve tehdit alt\u0131nday\u0131z. \u00c7\u00f6z\u00fcm masas\u0131n\u0131n kurulmas\u0131 laz\u0131m. 4 g\u00fcnd\u00fcr bir ki\u015fi bile bizi aray\u0131p sormad\u0131. \u2018Yeni pozisyon veriyoruz, kabul etmiyorsunuz\u2019 diyorlar. Ne i\u015fi verdilerse kabul ettiler. Havuzdaki arkada\u015flar\u0131m\u0131z bug\u00fcn ne i\u015f verilirse yapacak durumda. Ba\u015fkan\u0131 b\u00fcrokratlar yanl\u0131\u015f bilgilendiriyor. \u0130\u015f bir t\u00fcrl\u00fc elimize ula\u015fm\u0131yor. Ba\u015fkan \u2018Belediyeyi bat\u0131rmayaca\u011f\u0131m\u2019 diyor. 350 arkada\u015f\u0131m\u0131z\u0131 i\u015fe al\u0131nca belediye batmaz. Tasarruf i\u015f\u00e7inin ekme\u011finden olmaz. Bize farkl\u0131, ba\u015fkana farkl\u0131 say\u0131lar veriliyor. Toplamda 370 arkada\u015f\u0131m\u0131z havuzda bekliyor. Bu say\u0131lar\u0131 bize b\u00fcrokratlar veriyor. Siyasetin kurban\u0131 olmak istemiyoruz. Biz hi\u00e7bir siyasetin yan\u0131nda de\u011filiz. Buca\u2019da AK Partili meclis \u00fcyeleri geliyor, \u2018Bunlar birlikteler\u2019 diyorlar. Biz bug\u00fcn alana \u00e7\u0131kt\u0131\u011f\u0131m\u0131zda CHP ile defalarca m\u00fccadele ettik. Eksi\u011fi kendilerinde aramalar\u0131 gerekiyor. Buraya gelip bizi dinlemeleri gerekiyor. Dertlerimizi dinlemeleri gerekiyor. Ad\u0131m atmazlarsa bo\u015flu\u011fu bulup buraya girerler. Bizim yolumuz da y\u00f6n\u00fcm\u00fcz de belli. Ba\u015fkana \u00e7a\u011fr\u0131da bulunuyorum. Burada alacaklar\u0131m\u0131z var, gelin masay\u0131 kural\u0131m ve uzla\u015f\u0131 i\u00e7inde \u0130zmir halk\u0131na hizmet edelim.&#8221;<\/p>\n<p>&#8220;Siyasi d\u00fc\u015f\u00fcncelerinize bizi alet edemeyeceksiniz&#8221;<br \/>\n<br \/>CHP\u2019li Yurdakul\u2019a Genel-\u0130\u015f \u0130zmir 1 No\u2019lu \u015eube Ba\u015fkan\u0131 Engin Topal da tepki g\u00f6sterdi. Siyasi d\u00fc\u015f\u00fcncelere alet olmayacaklar\u0131n\u0131 s\u00f6yleyen Topal, &#8220;D\u00fcn ak\u015fam maa\u015flar\u0131n \u00fc\u00e7\u00fcnc\u00fc taksidi yatt\u0131. Bir\u00e7ok arkada\u015f\u0131m\u0131z\u0131n evine tek taksitle faturalar geliyor. Sizin \u00fc\u00e7 taksitle verdi\u011finiz maa\u015fa kar\u015f\u0131l\u0131k neden faturalar \u00fc\u00e7 taksitle \u00f6denmiyor? Bankalar ve kurumlar bizden tek seferde \u00f6deme al\u0131yor. \u00dc\u00e7 taksitle maa\u015f vererek ya\u015fam hakk\u0131m\u0131z\u0131 elimizden al\u0131yorsunuz. Biz \u0130mamo\u011flu i\u00e7in eylem yaparken tutukland\u0131\u011f\u0131m\u0131zda sizden ka\u00e7 ki\u015fi tutukland\u0131 da \u015fimdi bize ahk\u00e2m kesiyorsunuz? Bizim derdimiz ekme\u011fimize sahip \u00e7\u0131kmak. Siyasi d\u00fc\u015f\u00fcncelerinize bizi alet edemeyeceksiniz. Siyasi bir derdimiz yok; derdimiz ge\u00e7inmek. Ba\u015fkan ekonomik s\u0131k\u0131nt\u0131y\u0131 hissediyormu\u015f; ekonomiyi hisseden biziz zaten. Ekonomik s\u0131k\u0131nt\u0131y\u0131 en \u00e7ok emek\u00e7iler hissediyor. Bizi siyasi partiyle yan yana getiriyorlar; hi\u00e7bir \u015fey bilmiyorsan\u0131z D\u0130SK\u2019in tarihini Google\u2019a sorun. Sizin ya\u015f\u0131n\u0131zdan daha b\u00fcy\u00fck bir tarihimiz var.&#8221;<\/p>\n<p>&#8220;O sandalyede oturmakla olmuyor&#8221;<br \/>\n<br \/>Genel-\u0130\u015f \u0130zmir 3 No\u2019lu \u015eube Ba\u015fkan\u0131 Serap Y\u0131lmaz da a\u00e7\u0131klamas\u0131nda CHP\u2019li Yurdakul\u2019a y\u00f6nelik tepkide bulundu. Y\u0131lmaz, &#8220;Ben de Ya\u011fmur Han\u0131m\u2019a tak\u0131ld\u0131m. Bug\u00fcn orada oturuyorsan buradaki i\u015f\u00e7inin oyu ve eme\u011fi sayesinde oturuyorsun. \u0130\u015f\u00e7ileri siyasi emellerinize alet etmeyin. Herkes siyasetini kendi yerinde yaps\u0131n. O sandalyede oturmakla olmuyor. Bu alana gelip burada ya\u015fad\u0131klar\u0131m\u0131z\u0131 g\u00f6receksin. T\u00fcm meclis \u00fcyelerine sesleniyorum: Gelin i\u015f\u00e7inize sahip \u00e7\u0131k\u0131n. Ayda \u00fc\u00e7 kez meclise gidip konu\u015fmakla bitmiyor bu i\u015f; particilik bu de\u011fildir. B\u00fcrokratlara sesleniyorum: G\u00f6sterdi\u011finiz projelerin sahibi bu i\u015f\u00e7ilerdir, gelin i\u015f\u00e7ilerinize sahip \u00e7\u0131k\u0131n. Milletvekilleri, siz de gelin i\u015f\u00e7inize sahip \u00e7\u0131k\u0131n. G\u00fcnlerdir sokaklarda ko\u015ftururken k\u00fc\u00e7\u00fcc\u00fck bir odada D\u0130SK\u2019i ele\u015ftirmek kimsenin haddi de\u011fil&#8221; diye konu\u015ftu. Genel-\u0130\u015f \u0130zmir 9 No\u2019lu \u015eube Ba\u015fkan\u0131 Sedat Kenar da &#8220;Buca\u2019da AK Partili iki meclis \u00fcyesi foto\u011fraf verdi diye, ge\u00e7mi\u015fi m\u00fccadele dolu D\u0130SK\u2019i yan yana getiriyorlar. Meclis \u00fcyeleri yan\u0131m\u0131za gelmiyor ya; bozuk saat bile g\u00fcnde iki kez do\u011fruyu g\u00f6sterir. Bir arkada\u015f\u0131m\u0131z\u0131n s\u0131cak \u00e7orbas\u0131n\u0131 i\u00e7sinler, tabloyu g\u00f6rs\u00fcnler. Maa\u015f ne oldu da 2 g\u00fcn i\u00e7inde \u00e7\u0131plak yatt\u0131? Makul ve kabul edilebilir bir takvim istiyoruz. Bor\u00e7lar\u0131m\u0131z\u0131 ne zaman \u00f6deyece\u011fimizi bilmek istiyoruz. Ne i\u015f verilirse kabul edece\u011fiz. Eme\u011fin siyaseti olmaz, yaln\u0131zca onuru olur&#8221; dedi.<br \/><\/p>\n","protected":false},"excerpt":{"rendered":"<p>\u0130zmir\u2019de B\u00fcy\u00fck\u015fehir Belediyesi \u015firketlerinde \u00e7al\u0131\u015fan i\u015f\u00e7iler, \u00f6deme krizi ve i\u015ften \u00e7\u0131karmalara kar\u015f\u0131 y\u00fcr\u00fcy\u00fc\u015flerinin 4\u2019\u00fcnc\u00fc g\u00fcn\u00fcnde yar\u0131m g\u00fcn i\u015f b\u0131rakma eylemi ger\u00e7ekle\u015ftirdi. Y\u00fcr\u00fcy\u00fc\u015f\u00fcn ard\u0131ndan ger\u00e7ekle\u015ftirilen bas\u0131n a\u00e7\u0131klamas\u0131nda \u0130zmir B\u00fcy\u00fck\u015fehir Belediye Meclisi CHP Grubu S\u00f6zc\u00fcs\u00fc Ya\u011fmur Yurdakul\u2019a tepki g\u00f6sterildi. \u0130zmir B\u00fcy\u00fck\u015fehir Belediyesi\u2019ne ba\u011fl\u0131 \u0130ZENERJ\u0130, \u0130ZELMAN, \u0130ZTEK ve Ege\u015fehir\u2019de aylard\u0131r s\u00fcren \u00f6deme krizi ve i\u015ften \u00e7\u0131kart\u0131lmak \u00fczere havuza&#8230;<\/p>\n","protected":false},"author":1,"featured_media":73440,"comment_status":"open","ping_status":"open","sticky":false,"template":"","format":"standard","meta":{"_crdt_document":"","footnotes":""},"categories":[1],"tags":[],"class_list":["post-73439","post","type-post","status-publish","format-standard","has-post-thumbnail","hentry","category-guncel"],"_links":{"self":[{"href":"https:\/\/www.egemtv.com\/index.php?rest_route=\/wp\/v2\/posts\/73439","targetHints":{"allow":["GET"]}}],"collection":[{"href":"https:\/\/www.egemtv.com\/index.php?rest_route=\/wp\/v2\/posts"}],"about":[{"href":"https:\/\/www.egemtv.com\/index.php?rest_route=\/wp\/v2\/types\/post"}],"author":[{"embeddable":true,"href":"https:\/\/www.egemtv.com\/index.php?rest_route=\/wp\/v2\/users\/1"}],"replies":[{"embeddable":true,"href":"https:\/\/www.egemtv.com\/index.php?rest_route=%2Fwp%2Fv2%2Fcomments&post=73439"}],"version-history":[{"count":1,"href":"https:\/\/www.egemtv.com\/index.php?rest_route=\/wp\/v2\/posts\/73439\/revisions"}],"predecessor-version":[{"id":73441,"href":"https:\/\/www.egemtv.com\/index.php?rest_route=\/wp\/v2\/posts\/73439\/revisions\/73441"}],"wp:featuredmedia":[{"embeddable":true,"href":"https:\/\/www.egemtv.com\/index.php?rest_route=\/wp\/v2\/media\/73440"}],"wp:attachment":[{"href":"https:\/\/www.egemtv.com\/index.php?rest_route=%2Fwp%2Fv2%2Fmedia&parent=73439"}],"wp:term":[{"taxonomy":"category","embeddable":true,"href":"https:\/\/www.egemtv.com\/index.php?rest_route=%2Fwp%2Fv2%2Fcategories&post=73439"},{"taxonomy":"post_tag","embeddable":true,"href":"https:\/\/www.egemtv.com\/index.php?rest_route=%2Fwp%2Fv2%2Ftags&post=73439"}],"curies":[{"name":"wp","href":"https:\/\/api.w.org\/{rel}","templated":true}]}}