{"id":73436,"date":"2025-12-11T11:54:44","date_gmt":"2025-12-11T08:54:44","guid":{"rendered":"https:\/\/www.egemtv.com\/?p=73436"},"modified":"2025-12-11T11:54:45","modified_gmt":"2025-12-11T08:54:45","slug":"ticari-arac-ile-motosiklet-carpisti-1-yarali-2","status":"publish","type":"post","link":"https:\/\/www.egemtv.com\/?p=73436","title":{"rendered":"Ticari ara\u00e7 ile motosiklet \u00e7arp\u0131\u015ft\u0131: 1 yaral\u0131"},"content":{"rendered":"<p>Ayd\u0131n\u2019\u0131n Efeler il\u00e7esinde ticari ara\u00e7 ile motosikletin \u00e7arp\u0131\u015fmas\u0131 sonucu meydana gelen kazada 1 ki\u015fi yaraland\u0131.<\/p>\n<p>Kaza, Efeler il\u00e7esi Kemer Mahallesi Ayko 1. Cadde \u00fczerinde meydana geldi. Edinilen bilgiye g\u00f6re 1760 Sokak \u00fczerinden caddeye ba\u011flanmak isteyen 09 ANH 823 plakal\u0131 ticari ara\u00e7 ile cadde \u00fczerinde seyreden 09 ARK 810 plakal\u0131 motosiklet \u00e7arp\u0131\u015ft\u0131. \u00c7arp\u0131\u015fman\u0131n etkisiyle yere savrulan motosiklet s\u00fcr\u00fcc\u00fcs\u00fc yaraland\u0131. Kazay\u0131 g\u00f6renler durumu 112 Acil \u00c7a\u011fr\u0131 Merkezi\u2019ne bildirdi. \u0130hbar \u00fczerine b\u00f6lgeye polis ve sa\u011fl\u0131k ekipleri sevk edildi. K\u0131sa s\u00fcrede b\u00f6lgeye gelen sa\u011fl\u0131k ekipleri, ilk m\u00fcdahalenin ard\u0131ndan yaral\u0131y\u0131 ambulansla hastaneye kald\u0131rd\u0131. Yaral\u0131n\u0131n hayati tehlikesinin olmad\u0131\u011f\u0131 \u00f6\u011frenilirken, kazayla ilgili inceleme ba\u015flat\u0131ld\u0131.<br \/><\/p>\n","protected":false},"excerpt":{"rendered":"<p>Ayd\u0131n\u2019\u0131n Efeler il\u00e7esinde ticari ara\u00e7 ile motosikletin \u00e7arp\u0131\u015fmas\u0131 sonucu meydana gelen kazada 1 ki\u015fi yaraland\u0131. Kaza, Efeler il\u00e7esi Kemer Mahallesi Ayko 1. Cadde \u00fczerinde meydana geldi. Edinilen bilgiye g\u00f6re 1760 Sokak \u00fczerinden caddeye ba\u011flanmak isteyen 09 ANH 823 plakal\u0131 ticari ara\u00e7 ile cadde \u00fczerinde seyreden 09 ARK 810 plakal\u0131 motosiklet \u00e7arp\u0131\u015ft\u0131. \u00c7arp\u0131\u015fman\u0131n etkisiyle yere savrulan&#8230;<\/p>\n","protected":false},"author":1,"featured_media":73437,"comment_status":"open","ping_status":"open","sticky":false,"template":"","format":"standard","meta":{"_crdt_document":"","footnotes":""},"categories":[5],"tags":[],"class_list":["post-73436","post","type-post","status-publish","format-standard","has-post-thumbnail","hentry","category-asayis"],"_links":{"self":[{"href":"https:\/\/www.egemtv.com\/index.php?rest_route=\/wp\/v2\/posts\/73436","targetHints":{"allow":["GET"]}}],"collection":[{"href":"https:\/\/www.egemtv.com\/index.php?rest_route=\/wp\/v2\/posts"}],"about":[{"href":"https:\/\/www.egemtv.com\/index.php?rest_route=\/wp\/v2\/types\/post"}],"author":[{"embeddable":true,"href":"https:\/\/www.egemtv.com\/index.php?rest_route=\/wp\/v2\/users\/1"}],"replies":[{"embeddable":true,"href":"https:\/\/www.egemtv.com\/index.php?rest_route=%2Fwp%2Fv2%2Fcomments&post=73436"}],"version-history":[{"count":1,"href":"https:\/\/www.egemtv.com\/index.php?rest_route=\/wp\/v2\/posts\/73436\/revisions"}],"predecessor-version":[{"id":73438,"href":"https:\/\/www.egemtv.com\/index.php?rest_route=\/wp\/v2\/posts\/73436\/revisions\/73438"}],"wp:featuredmedia":[{"embeddable":true,"href":"https:\/\/www.egemtv.com\/index.php?rest_route=\/wp\/v2\/media\/73437"}],"wp:attachment":[{"href":"https:\/\/www.egemtv.com\/index.php?rest_route=%2Fwp%2Fv2%2Fmedia&parent=73436"}],"wp:term":[{"taxonomy":"category","embeddable":true,"href":"https:\/\/www.egemtv.com\/index.php?rest_route=%2Fwp%2Fv2%2Fcategories&post=73436"},{"taxonomy":"post_tag","embeddable":true,"href":"https:\/\/www.egemtv.com\/index.php?rest_route=%2Fwp%2Fv2%2Ftags&post=73436"}],"curies":[{"name":"wp","href":"https:\/\/api.w.org\/{rel}","templated":true}]}}