{"id":73433,"date":"2025-12-11T11:14:47","date_gmt":"2025-12-11T08:14:47","guid":{"rendered":"https:\/\/www.egemtv.com\/?p=73433"},"modified":"2025-12-11T11:14:48","modified_gmt":"2025-12-11T08:14:48","slug":"kis-aylarinin-enerji-veren-lezzeti-cennet-elmasi","status":"publish","type":"post","link":"https:\/\/www.egemtv.com\/?p=73433","title":{"rendered":"K\u0131\u015f aylar\u0131n\u0131n enerji veren lezzeti: Cennet elmas\u0131"},"content":{"rendered":"<p>K\u0131\u015f aylar\u0131nda ba\u011f\u0131\u015f\u0131kl\u0131\u011f\u0131 g\u00fc\u00e7lendirmesi, sindirimi rahatlatmas\u0131 ve do\u011fal enerji vermesi nedeniyle cennet elmas\u0131na olan ilgi artarken, pazarc\u0131 esnaf\u0131 vatanda\u015flara enerji i\u00e7ece\u011fi yerine, cennet elmas\u0131 t\u00fcketmelerini tavsiye ediyor.<\/p>\n<p>K\u0131\u015f aylar\u0131nda hem g\u00fcnl\u00fck t\u00fcketimde hem de tatl\u0131 ve farkl\u0131 tariflerde kullan\u0131labilen cennet elmas\u0131, do\u011fal enerji kayna\u011f\u0131 olmas\u0131yla k\u0131\u015f\u0131n \u00f6ne \u00e7\u0131kan meyveleri aras\u0131nda yer almaya devam ediyor.<\/p>\n<p>Ayd\u0131n\u2019\u0131n Bozdo\u011fan il\u00e7esinde pazarc\u0131l\u0131k yapan Erol Meral, &#8220;Tezgah\u0131m\u0131zda kilogram\u0131 100 TL\u2019den sat\u0131\u015fa sundu\u011fumuz cennet elmas\u0131na ilgi ger\u00e7ekten yo\u011fun.Ben tezgaha gelen m\u00fc\u015fterilere tek tek faydalar\u0131n\u0131 anlat\u0131yorum, \u2018Bunu d\u00fczenli yiyin\u2019 diyorum, vatanda\u015f da neyin iyi oldu\u011funu biliyor; \u00f6nce cennet elmas\u0131n\u0131 soruyor. Ger\u00e7ek enerjinin \u015fi\u015fede de\u011fil do\u011fada oldu\u011funu da unutmamak gerek. Yapay i\u00e7eriklerle dolu enerji i\u00e7ecekleri yerine hem tok tutan hem de v\u00fccuda do\u011fal enerji kazand\u0131ran cennet elmas\u0131 g\u00fcvenle t\u00fcketilebilir. K\u0131\u015f aylar\u0131nda zindelik arayanlar i\u00e7in hem g\u00fcnl\u00fck t\u00fcketimde hem de tatl\u0131 ve tariflerde kullan\u0131m\u0131yla \u00f6ne \u00e7\u0131kan bu meyve, i\u015flerimizi de g\u00fczel tutuyor, \u00e7ok \u015f\u00fck\u00fcr taleplerimiz hi\u00e7 eksik olmuyor&#8221; dedi.<br \/><\/p>\n","protected":false},"excerpt":{"rendered":"<p>K\u0131\u015f aylar\u0131nda ba\u011f\u0131\u015f\u0131kl\u0131\u011f\u0131 g\u00fc\u00e7lendirmesi, sindirimi rahatlatmas\u0131 ve do\u011fal enerji vermesi nedeniyle cennet elmas\u0131na olan ilgi artarken, pazarc\u0131 esnaf\u0131 vatanda\u015flara enerji i\u00e7ece\u011fi yerine, cennet elmas\u0131 t\u00fcketmelerini tavsiye ediyor. K\u0131\u015f aylar\u0131nda hem g\u00fcnl\u00fck t\u00fcketimde hem de tatl\u0131 ve farkl\u0131 tariflerde kullan\u0131labilen cennet elmas\u0131, do\u011fal enerji kayna\u011f\u0131 olmas\u0131yla k\u0131\u015f\u0131n \u00f6ne \u00e7\u0131kan meyveleri aras\u0131nda yer almaya devam ediyor. Ayd\u0131n\u2019\u0131n&#8230;<\/p>\n","protected":false},"author":1,"featured_media":73434,"comment_status":"open","ping_status":"open","sticky":false,"template":"","format":"standard","meta":{"_crdt_document":"","footnotes":""},"categories":[1],"tags":[],"class_list":["post-73433","post","type-post","status-publish","format-standard","has-post-thumbnail","hentry","category-guncel"],"_links":{"self":[{"href":"https:\/\/www.egemtv.com\/index.php?rest_route=\/wp\/v2\/posts\/73433","targetHints":{"allow":["GET"]}}],"collection":[{"href":"https:\/\/www.egemtv.com\/index.php?rest_route=\/wp\/v2\/posts"}],"about":[{"href":"https:\/\/www.egemtv.com\/index.php?rest_route=\/wp\/v2\/types\/post"}],"author":[{"embeddable":true,"href":"https:\/\/www.egemtv.com\/index.php?rest_route=\/wp\/v2\/users\/1"}],"replies":[{"embeddable":true,"href":"https:\/\/www.egemtv.com\/index.php?rest_route=%2Fwp%2Fv2%2Fcomments&post=73433"}],"version-history":[{"count":1,"href":"https:\/\/www.egemtv.com\/index.php?rest_route=\/wp\/v2\/posts\/73433\/revisions"}],"predecessor-version":[{"id":73435,"href":"https:\/\/www.egemtv.com\/index.php?rest_route=\/wp\/v2\/posts\/73433\/revisions\/73435"}],"wp:featuredmedia":[{"embeddable":true,"href":"https:\/\/www.egemtv.com\/index.php?rest_route=\/wp\/v2\/media\/73434"}],"wp:attachment":[{"href":"https:\/\/www.egemtv.com\/index.php?rest_route=%2Fwp%2Fv2%2Fmedia&parent=73433"}],"wp:term":[{"taxonomy":"category","embeddable":true,"href":"https:\/\/www.egemtv.com\/index.php?rest_route=%2Fwp%2Fv2%2Fcategories&post=73433"},{"taxonomy":"post_tag","embeddable":true,"href":"https:\/\/www.egemtv.com\/index.php?rest_route=%2Fwp%2Fv2%2Ftags&post=73433"}],"curies":[{"name":"wp","href":"https:\/\/api.w.org\/{rel}","templated":true}]}}