{"id":73430,"date":"2025-12-11T11:14:46","date_gmt":"2025-12-11T08:14:46","guid":{"rendered":"https:\/\/www.egemtv.com\/?p=73430"},"modified":"2025-12-11T11:14:47","modified_gmt":"2025-12-11T08:14:47","slug":"aydin-buyuksehir-il-genelinde-alt-ve-ust-yapi-calismalarini-surduruyor","status":"publish","type":"post","link":"https:\/\/www.egemtv.com\/?p=73430","title":{"rendered":"Ayd\u0131n B\u00fcy\u00fck\u015fehir il genelinde alt ve \u00fcst yap\u0131 \u00e7al\u0131\u015fmalar\u0131n\u0131 s\u00fcrd\u00fcr\u00fcyor"},"content":{"rendered":"<p>Ayd\u0131n B\u00fcy\u00fck\u015fehir Belediyesi, kent genelinde s\u00fcrd\u00fcrd\u00fc\u011f\u00fc altyap\u0131 ve \u00fcstyap\u0131 yat\u0131r\u0131mlar\u0131na h\u0131z kesmeden devam ediyor. B\u00fcy\u00fck\u015fehir Belediyesi Fen \u0130\u015fleri Dairesi Ba\u015fkanl\u0131\u011f\u0131 ekipleri; k\u0131rsal mahallelerden kent merkezlerine, tar\u0131m yollar\u0131ndan ba\u011flant\u0131 g\u00fczergahlar\u0131na kadar bir\u00e7ok noktada e\u015f zamanl\u0131 \u00e7al\u0131\u015fma y\u00fcr\u00fct\u00fcyor.<br \/>\n<br \/>Fen \u0130\u015fleri Dairesi Ba\u015fkanl\u0131\u011f\u0131 ekipleri; yama, parke ta\u015f\u0131 d\u00f6\u015feme, kald\u0131r\u0131m yenileme, bak\u0131m-onar\u0131m, banket temizli\u011fi, yeni yol yap\u0131m\u0131, arazi yollar\u0131nda d\u00fczenleme ve daha bir\u00e7ok \u00e7al\u0131\u015fmay\u0131 aral\u0131ks\u0131z s\u00fcrd\u00fcr\u00fcyor. Ekipler g\u00fcncel olarak; Didim il\u00e7esi 19 May\u0131s Caddesi\u2019nde, Efeler il\u00e7esi Bat\u0131 \u00c7evre Bulvar\u0131\u2019nda, Buharkent il\u00e7esi \u00c7olak \u0130brahim Bey Caddesi\u2019nde, Nazilli il\u00e7esi Atat\u00fcrk Bulvar\u0131\u2019nda, Yenipazar il\u00e7e merkezinde, Ku\u015fadas\u0131 il\u00e7esinin muhtelif mahallelerinde bulunan cadde ve bulvarlarda, Efeler il\u00e7esi \u00c7e\u015ftepe, Kuyulu ve Bademli, Germencik il\u00e7esi Me\u015feli, \u00c7ar\u0131klar ve Ortaklar, \u0130ncirliova il\u00e7esi E\u011frek ve Acarlar, Karpuzlu il\u00e7esi Hatipk\u0131\u015fla, Nazilli il\u00e7esi Karahall\u0131, Yaylap\u0131nar, Ocakl\u0131 ve Pirlibey, Yenipazar il\u00e7esi Derek\u00f6y ve Koyunlar, Karacasu il\u00e7esi Atak\u00f6y, Yaz\u0131r ve Yayk\u0131n, Ko\u00e7arl\u0131 il\u00e7esi Esentepe, Kasaplar ve \u00c7all\u0131, S\u00f6ke il\u00e7esi Karacahay\u0131t ve Sayrak\u00e7\u0131, Sultanhisar il\u00e7esi Salavatl\u0131, K\u00f6\u015fk il\u00e7esi Ahatlar ve Uzundere, Bozdo\u011fan il\u00e7esi Olukba\u015f\u0131, Kuyucak il\u00e7esi Horsunlu, \u00c7ine il\u00e7esi Mutaflar ve Karanfiller Mahallelerinde e\u015f zamanl\u0131 \u00e7al\u0131\u015fma ger\u00e7ekle\u015ftiriyor.<br \/>\n<br \/>Yap\u0131lan \u00e7al\u0131\u015fmalardan memnuniyet duyduklar\u0131n\u0131 belirten vatanda\u015flar, hizmetlerin h\u0131zl\u0131 \u015fekilde hayata ge\u00e7irilmesinden dolay\u0131 Ayd\u0131n B\u00fcy\u00fck\u015fehir Belediye Ba\u015fkan\u0131 \u00d6zlem \u00c7er\u00e7io\u011flu\u2019na te\u015fekk\u00fcr etti. \u0130l\u00e7elere yap\u0131lan yat\u0131r\u0131mlar\u0131n ya\u015fam kalitesini art\u0131rd\u0131\u011f\u0131n\u0131 ifade eden vatanda\u015flar, \u00e7al\u0131\u015fmalar\u0131n devam etmesinden duyduklar\u0131 memnuniyeti dile getirdi.<br \/>\n<br \/>Ba\u015fkan \u00c7er\u00e7io\u011flu, Ayd\u0131n\u2019\u0131n t\u00fcm il\u00e7elerinde \u00e7al\u0131\u015fmalar\u0131n devam edece\u011fini belirterek, &#8220;Ayd\u0131n\u0131m\u0131z\u0131n d\u00f6rt bir yan\u0131nda, hem\u015fehrilerimizin ihtiya\u00e7 duydu\u011fu her alanda \u00e7al\u0131\u015fmalar\u0131m\u0131z\u0131 kararl\u0131l\u0131kla s\u00fcrd\u00fcr\u00fcyoruz. \u00dcreticilerimizin de, kent merkezindeki vatanda\u015flar\u0131m\u0131z\u0131n da ya\u015fam\u0131n\u0131 kolayla\u015ft\u0131racak projeleri hayata ge\u00e7irmek i\u00e7in ekiplerimizle sahada olmaya devam edece\u011fiz&#8221; ifadelerini kulland\u0131.<br \/><\/p>\n","protected":false},"excerpt":{"rendered":"<p>Ayd\u0131n B\u00fcy\u00fck\u015fehir Belediyesi, kent genelinde s\u00fcrd\u00fcrd\u00fc\u011f\u00fc altyap\u0131 ve \u00fcstyap\u0131 yat\u0131r\u0131mlar\u0131na h\u0131z kesmeden devam ediyor. B\u00fcy\u00fck\u015fehir Belediyesi Fen \u0130\u015fleri Dairesi Ba\u015fkanl\u0131\u011f\u0131 ekipleri; k\u0131rsal mahallelerden kent merkezlerine, tar\u0131m yollar\u0131ndan ba\u011flant\u0131 g\u00fczergahlar\u0131na kadar bir\u00e7ok noktada e\u015f zamanl\u0131 \u00e7al\u0131\u015fma y\u00fcr\u00fct\u00fcyor. Fen \u0130\u015fleri Dairesi Ba\u015fkanl\u0131\u011f\u0131 ekipleri; yama, parke ta\u015f\u0131 d\u00f6\u015feme, kald\u0131r\u0131m yenileme, bak\u0131m-onar\u0131m, banket temizli\u011fi, yeni yol yap\u0131m\u0131, arazi yollar\u0131nda&#8230;<\/p>\n","protected":false},"author":1,"featured_media":73431,"comment_status":"open","ping_status":"open","sticky":false,"template":"","format":"standard","meta":{"_crdt_document":"","footnotes":""},"categories":[1],"tags":[],"class_list":["post-73430","post","type-post","status-publish","format-standard","has-post-thumbnail","hentry","category-guncel"],"_links":{"self":[{"href":"https:\/\/www.egemtv.com\/index.php?rest_route=\/wp\/v2\/posts\/73430","targetHints":{"allow":["GET"]}}],"collection":[{"href":"https:\/\/www.egemtv.com\/index.php?rest_route=\/wp\/v2\/posts"}],"about":[{"href":"https:\/\/www.egemtv.com\/index.php?rest_route=\/wp\/v2\/types\/post"}],"author":[{"embeddable":true,"href":"https:\/\/www.egemtv.com\/index.php?rest_route=\/wp\/v2\/users\/1"}],"replies":[{"embeddable":true,"href":"https:\/\/www.egemtv.com\/index.php?rest_route=%2Fwp%2Fv2%2Fcomments&post=73430"}],"version-history":[{"count":1,"href":"https:\/\/www.egemtv.com\/index.php?rest_route=\/wp\/v2\/posts\/73430\/revisions"}],"predecessor-version":[{"id":73432,"href":"https:\/\/www.egemtv.com\/index.php?rest_route=\/wp\/v2\/posts\/73430\/revisions\/73432"}],"wp:featuredmedia":[{"embeddable":true,"href":"https:\/\/www.egemtv.com\/index.php?rest_route=\/wp\/v2\/media\/73431"}],"wp:attachment":[{"href":"https:\/\/www.egemtv.com\/index.php?rest_route=%2Fwp%2Fv2%2Fmedia&parent=73430"}],"wp:term":[{"taxonomy":"category","embeddable":true,"href":"https:\/\/www.egemtv.com\/index.php?rest_route=%2Fwp%2Fv2%2Fcategories&post=73430"},{"taxonomy":"post_tag","embeddable":true,"href":"https:\/\/www.egemtv.com\/index.php?rest_route=%2Fwp%2Fv2%2Ftags&post=73430"}],"curies":[{"name":"wp","href":"https:\/\/api.w.org\/{rel}","templated":true}]}}