{"id":73427,"date":"2025-12-11T11:14:45","date_gmt":"2025-12-11T08:14:45","guid":{"rendered":"https:\/\/www.egemtv.com\/?p=73427"},"modified":"2025-12-11T11:14:46","modified_gmt":"2025-12-11T08:14:46","slug":"tas-degirmenler-teknolojiye-yenik-dustu","status":"publish","type":"post","link":"https:\/\/www.egemtv.com\/?p=73427","title":{"rendered":"Ta\u015f de\u011firmenler teknolojiye yenik d\u00fc\u015ft\u00fc"},"content":{"rendered":"<p>Ayd\u0131n\u2019\u0131n \u0130ncirliova il\u00e7esine ba\u011fl\u0131 Ak\u00e7e\u015fme Mahallesi\u2019nde bulunan as\u0131rl\u0131k ta\u015f de\u011firmen, geli\u015fen teknolojiye yenik d\u00fc\u015ft\u00fc. 30 y\u0131ld\u0131r kullan\u0131lmayan ta\u015f de\u011firmenin s\u0131kt\u0131\u011f\u0131 zeytinya\u011flar\u0131n\u0131n tad\u0131 hala unutulmad\u0131.<\/p>\n<p>Ge\u00e7mi\u015fte dal\u0131ndan toplanan zeytinlerin ezilerek ya\u011f haline getirildi\u011fi de\u011firmen, g\u00fcn\u00fcm\u00fczde tarihi bir eser niteli\u011fi ta\u015f\u0131yor. Ak\u00e7e\u015fme Mahallesi\u2019nde evler aras\u0131nda kalan ta\u015f de\u011firmen y\u0131llara meydan okuyor.<\/p>\n<p>Mahalle sakinlerinden Nazan Altunta\u015f\u2019\u0131n evinin \u00f6n\u00fcnde bulunan ta\u015f de\u011firmen teknolojiye yenik d\u00fc\u015fse de \u00f6zenle korunuyor. Altunta\u015f, ta\u015f de\u011firmende elde edilen zeytinya\u011f\u0131n\u0131n tamamen do\u011fal y\u00f6ntemlerle \u00fcretildi\u011fini belirtti. Bah\u00e7eden toplanan zeytinleri, e\u015fek yard\u0131m\u0131 ile ta\u015f de\u011firmende ezdikten sonra ya\u011f\u0131n\u0131 s\u0131kt\u0131klar\u0131n\u0131 anlatan Altunta\u015f, &#8220;Bu de\u011firmende yap\u0131lan zeytinya\u011f\u0131 hem daha sa\u011fl\u0131kl\u0131 hem de \u00e7ok daha lezzetli olurdu&#8221; dedi.<\/p>\n<p>Ta\u015f de\u011firmenin g\u00fcn\u00fcm\u00fczde art\u0131k kullan\u0131lmad\u0131\u011f\u0131n\u0131 belirten Altunta\u015f, teknolojinin geli\u015fmesiyle birlikte art\u0131k zeytinleri elektrikli son model de\u011firmenlerde s\u0131kt\u0131rd\u0131klar\u0131n\u0131 s\u00f6yledi. Altunta\u015f, evlerinin \u00f6n\u00fcndeki ta\u015f de\u011firmenin 30 y\u0131ld\u0131r kullan\u0131lmad\u0131\u011f\u0131n\u0131 kaydetti.<br \/><\/p>\n","protected":false},"excerpt":{"rendered":"<p>Ayd\u0131n\u2019\u0131n \u0130ncirliova il\u00e7esine ba\u011fl\u0131 Ak\u00e7e\u015fme Mahallesi\u2019nde bulunan as\u0131rl\u0131k ta\u015f de\u011firmen, geli\u015fen teknolojiye yenik d\u00fc\u015ft\u00fc. 30 y\u0131ld\u0131r kullan\u0131lmayan ta\u015f de\u011firmenin s\u0131kt\u0131\u011f\u0131 zeytinya\u011flar\u0131n\u0131n tad\u0131 hala unutulmad\u0131. Ge\u00e7mi\u015fte dal\u0131ndan toplanan zeytinlerin ezilerek ya\u011f haline getirildi\u011fi de\u011firmen, g\u00fcn\u00fcm\u00fczde tarihi bir eser niteli\u011fi ta\u015f\u0131yor. Ak\u00e7e\u015fme Mahallesi\u2019nde evler aras\u0131nda kalan ta\u015f de\u011firmen y\u0131llara meydan okuyor. Mahalle sakinlerinden Nazan Altunta\u015f\u2019\u0131n evinin \u00f6n\u00fcnde&#8230;<\/p>\n","protected":false},"author":1,"featured_media":73428,"comment_status":"open","ping_status":"open","sticky":false,"template":"","format":"standard","meta":{"_crdt_document":"","footnotes":""},"categories":[1],"tags":[],"class_list":["post-73427","post","type-post","status-publish","format-standard","has-post-thumbnail","hentry","category-guncel"],"_links":{"self":[{"href":"https:\/\/www.egemtv.com\/index.php?rest_route=\/wp\/v2\/posts\/73427","targetHints":{"allow":["GET"]}}],"collection":[{"href":"https:\/\/www.egemtv.com\/index.php?rest_route=\/wp\/v2\/posts"}],"about":[{"href":"https:\/\/www.egemtv.com\/index.php?rest_route=\/wp\/v2\/types\/post"}],"author":[{"embeddable":true,"href":"https:\/\/www.egemtv.com\/index.php?rest_route=\/wp\/v2\/users\/1"}],"replies":[{"embeddable":true,"href":"https:\/\/www.egemtv.com\/index.php?rest_route=%2Fwp%2Fv2%2Fcomments&post=73427"}],"version-history":[{"count":1,"href":"https:\/\/www.egemtv.com\/index.php?rest_route=\/wp\/v2\/posts\/73427\/revisions"}],"predecessor-version":[{"id":73429,"href":"https:\/\/www.egemtv.com\/index.php?rest_route=\/wp\/v2\/posts\/73427\/revisions\/73429"}],"wp:featuredmedia":[{"embeddable":true,"href":"https:\/\/www.egemtv.com\/index.php?rest_route=\/wp\/v2\/media\/73428"}],"wp:attachment":[{"href":"https:\/\/www.egemtv.com\/index.php?rest_route=%2Fwp%2Fv2%2Fmedia&parent=73427"}],"wp:term":[{"taxonomy":"category","embeddable":true,"href":"https:\/\/www.egemtv.com\/index.php?rest_route=%2Fwp%2Fv2%2Fcategories&post=73427"},{"taxonomy":"post_tag","embeddable":true,"href":"https:\/\/www.egemtv.com\/index.php?rest_route=%2Fwp%2Fv2%2Ftags&post=73427"}],"curies":[{"name":"wp","href":"https:\/\/api.w.org\/{rel}","templated":true}]}}