{"id":73421,"date":"2025-12-11T10:54:50","date_gmt":"2025-12-11T07:54:50","guid":{"rendered":"https:\/\/www.egemtv.com\/?p=73421"},"modified":"2025-12-11T10:54:51","modified_gmt":"2025-12-11T07:54:51","slug":"park-halindeki-minibus-alev-aldi","status":"publish","type":"post","link":"https:\/\/www.egemtv.com\/?p=73421","title":{"rendered":"Park halindeki minib\u00fcs alev ald\u0131"},"content":{"rendered":"<p>Denizli\u2019nin Merkezefendi il\u00e7esinde park halindeki minib\u00fcs\u00fc bir anda alevler sard\u0131.<\/p>\n<p>Olay, Denizli\u2019nin Merkezefendi il\u00e7esi Adalet Mahallesi\u2019nde meydana geldi. Edinilen bilgilere g\u00f6re, yol kenar\u0131na sahibi taraf\u0131ndan park edilen minib\u00fcs hen\u00fcz belirlenemeyen sebeple alev ald\u0131. Minib\u00fcs\u00fcn yand\u0131\u011f\u0131n\u0131 g\u00f6ren vatanda\u015flar\u0131n ihbar\u0131 \u00fczerine olay yerine itfaiye ve polis ekipleri sevk edildi. \u0130tfaiye ekiplerinin m\u00fcdahalesiyle alevler minib\u00fcs\u00fcn yan\u0131nda park edilmi\u015f di\u011fere ara\u00e7lara s\u0131\u00e7ramadan kontrol alt\u0131na al\u0131nd\u0131. Yang\u0131n\u0131n \u00e7\u0131k\u0131\u015f sebebini belirlemek i\u00e7in olay yeri inceleme polisleri ve itfaiye ekipleri taraf\u0131ndan minib\u00fcste incelemeler yap\u0131ld\u0131. Olayla ilgili soru\u015fturma ba\u015flat\u0131ld\u0131.<br \/><\/p>\n","protected":false},"excerpt":{"rendered":"<p>Denizli\u2019nin Merkezefendi il\u00e7esinde park halindeki minib\u00fcs\u00fc bir anda alevler sard\u0131. Olay, Denizli\u2019nin Merkezefendi il\u00e7esi Adalet Mahallesi\u2019nde meydana geldi. Edinilen bilgilere g\u00f6re, yol kenar\u0131na sahibi taraf\u0131ndan park edilen minib\u00fcs hen\u00fcz belirlenemeyen sebeple alev ald\u0131. Minib\u00fcs\u00fcn yand\u0131\u011f\u0131n\u0131 g\u00f6ren vatanda\u015flar\u0131n ihbar\u0131 \u00fczerine olay yerine itfaiye ve polis ekipleri sevk edildi. \u0130tfaiye ekiplerinin m\u00fcdahalesiyle alevler minib\u00fcs\u00fcn yan\u0131nda park edilmi\u015f&#8230;<\/p>\n","protected":false},"author":1,"featured_media":73422,"comment_status":"open","ping_status":"open","sticky":false,"template":"","format":"standard","meta":{"_crdt_document":"","footnotes":""},"categories":[5],"tags":[],"class_list":["post-73421","post","type-post","status-publish","format-standard","has-post-thumbnail","hentry","category-asayis"],"_links":{"self":[{"href":"https:\/\/www.egemtv.com\/index.php?rest_route=\/wp\/v2\/posts\/73421","targetHints":{"allow":["GET"]}}],"collection":[{"href":"https:\/\/www.egemtv.com\/index.php?rest_route=\/wp\/v2\/posts"}],"about":[{"href":"https:\/\/www.egemtv.com\/index.php?rest_route=\/wp\/v2\/types\/post"}],"author":[{"embeddable":true,"href":"https:\/\/www.egemtv.com\/index.php?rest_route=\/wp\/v2\/users\/1"}],"replies":[{"embeddable":true,"href":"https:\/\/www.egemtv.com\/index.php?rest_route=%2Fwp%2Fv2%2Fcomments&post=73421"}],"version-history":[{"count":1,"href":"https:\/\/www.egemtv.com\/index.php?rest_route=\/wp\/v2\/posts\/73421\/revisions"}],"predecessor-version":[{"id":73423,"href":"https:\/\/www.egemtv.com\/index.php?rest_route=\/wp\/v2\/posts\/73421\/revisions\/73423"}],"wp:featuredmedia":[{"embeddable":true,"href":"https:\/\/www.egemtv.com\/index.php?rest_route=\/wp\/v2\/media\/73422"}],"wp:attachment":[{"href":"https:\/\/www.egemtv.com\/index.php?rest_route=%2Fwp%2Fv2%2Fmedia&parent=73421"}],"wp:term":[{"taxonomy":"category","embeddable":true,"href":"https:\/\/www.egemtv.com\/index.php?rest_route=%2Fwp%2Fv2%2Fcategories&post=73421"},{"taxonomy":"post_tag","embeddable":true,"href":"https:\/\/www.egemtv.com\/index.php?rest_route=%2Fwp%2Fv2%2Ftags&post=73421"}],"curies":[{"name":"wp","href":"https:\/\/api.w.org\/{rel}","templated":true}]}}