{"id":73418,"date":"2025-12-11T10:34:47","date_gmt":"2025-12-11T07:34:47","guid":{"rendered":"https:\/\/www.egemtv.com\/?p=73418"},"modified":"2025-12-11T10:34:48","modified_gmt":"2025-12-11T07:34:48","slug":"kent-konseyinden-manisaya-vizyon-katacak-8-stratejik-proje","status":"publish","type":"post","link":"https:\/\/www.egemtv.com\/?p=73418","title":{"rendered":"Kent Konseyi\u2019nden Manisa\u2019ya vizyon katacak 8 stratejik proje"},"content":{"rendered":"<p>Manisa Kent Konseyi, kentin sosyal, k\u00fclt\u00fcrel ve \u00e7evresel geli\u015fimine katk\u0131 sunmak amac\u0131yla haz\u0131rlad\u0131\u011f\u0131 8 stratejik projeyi Manisa B\u00fcy\u00fck\u015fehir Belediye Meclisi\u2019ne sundu. T\u00fcrkiye\u2019ye \u00f6rnek olmas\u0131 hedeflenen &#8220;Ya\u015fl\u0131 Ya\u015fam Merkezi&#8221; projesi, haz\u0131rlanan \u00e7al\u0131\u015fmalar aras\u0131nda \u00f6ne \u00e7\u0131kt\u0131.<br \/>\n<br \/>Kurulu\u015f ama\u00e7lar\u0131 do\u011frultusunda kat\u0131l\u0131mc\u0131 demokrasiyi geli\u015ftirmek ve ortak ak\u0131l k\u00fclt\u00fcr\u00fcn\u00fc g\u00fc\u00e7lendirmek ad\u0131na faaliyetlerini s\u00fcrd\u00fcren Manisa Kent Konseyi, Ba\u015fkan\u0131 Hakk\u0131 Bayraktar \u00f6nc\u00fcl\u00fc\u011f\u00fcnde payda\u015f kurumlarla y\u00fcr\u00fctt\u00fc\u011f\u00fc ziyaretler, toplant\u0131lar ve projelerle kent vizyonuna katk\u0131 sunmaya devam ediyor.<br \/>\n<br \/>Ekim ay\u0131nda ger\u00e7ekle\u015ftirilen Ola\u011fan Se\u00e7imsiz Genel Kurul\u2019da Y\u00fcr\u00fctme Kurulu ve \u00c7al\u0131\u015fma Gruplar\u0131 taraf\u0131ndan haz\u0131rlanan 8 proje, genel kuruldan onay alarak meclis s\u00fcrecine ta\u015f\u0131nd\u0131. Projeler, Manisa B\u00fcy\u00fck\u015fehir Belediye Meclisi\u2019nin aral\u0131k ay\u0131 toplant\u0131s\u0131nda ele al\u0131narak ilgili komisyonlara havale edildi.<br \/>\n<br \/>Meclis toplant\u0131s\u0131nda s\u00f6z alarak projeler hakk\u0131nda bilgi veren Manisa Kent Konseyi Ba\u015fkan\u0131 Hakk\u0131 Bayraktar, \u00e7al\u0131\u015fmalara emek veren t\u00fcm g\u00f6n\u00fcll\u00fclere te\u015fekk\u00fcr etti. Bayraktar, &#8220;Manisa i\u00e7in b\u00fcy\u00fck katk\u0131 sa\u011flayaca\u011f\u0131n\u0131 d\u00fc\u015f\u00fcnd\u00fc\u011f\u00fcm\u00fcz 8 projemizin her biri birbirinden de\u011ferli. Y\u00fcr\u00fctme Kurulu \u00fcyelerimize, \u00e7al\u0131\u015fma gruplar\u0131nda yer alan g\u00f6n\u00fcll\u00fclerimize ve projelerimizin meclis g\u00fcndemine al\u0131nmas\u0131n\u0131 sa\u011flayan B\u00fcy\u00fck\u015fehir Belediye Ba\u015fkan\u0131m\u0131z Say\u0131n Besim Dutlulu\u2019ya te\u015fekk\u00fcr ediyorum. Projelerimiz aras\u0131nda ya\u015fl\u0131lar\u0131m\u0131za y\u00f6nelik T\u00fcrkiye\u2019de \u00f6rnek olacak bir ya\u015fam merkezi, \u00e7evre dostu \u00e7al\u0131\u015fmalar ve Manisa\u2019n\u0131n k\u00fclt\u00fcr-turizm yap\u0131s\u0131n\u0131 g\u00fc\u00e7lendirecek projeler yer al\u0131yor&#8221; dedi.<br \/>\n<br \/>Bayraktar, projelerin komisyonlarda detayl\u0131 \u015fekilde ele al\u0131naca\u011f\u0131n\u0131 belirterek, meclis \u00fcyelerinin destek verece\u011fine inand\u0131\u011f\u0131n\u0131 ifade etti.<br \/>\n<br \/>Bayraktar, Manisa Kent Konseyi\u2019nin s\u00fcrd\u00fcr\u00fclebilir ya\u015fam, \u00e7evre bilinci, k\u00fclt\u00fcrel de\u011ferlerin korunmas\u0131 ve toplumsal dayan\u0131\u015fman\u0131n g\u00fc\u00e7lendirilmesi y\u00f6n\u00fcndeki \u00e7al\u0131\u015fmalar\u0131na kararl\u0131l\u0131kla devam edece\u011fini vurgulad\u0131.<br \/><\/p>\n","protected":false},"excerpt":{"rendered":"<p>Manisa Kent Konseyi, kentin sosyal, k\u00fclt\u00fcrel ve \u00e7evresel geli\u015fimine katk\u0131 sunmak amac\u0131yla haz\u0131rlad\u0131\u011f\u0131 8 stratejik projeyi Manisa B\u00fcy\u00fck\u015fehir Belediye Meclisi\u2019ne sundu. T\u00fcrkiye\u2019ye \u00f6rnek olmas\u0131 hedeflenen &#8220;Ya\u015fl\u0131 Ya\u015fam Merkezi&#8221; projesi, haz\u0131rlanan \u00e7al\u0131\u015fmalar aras\u0131nda \u00f6ne \u00e7\u0131kt\u0131. Kurulu\u015f ama\u00e7lar\u0131 do\u011frultusunda kat\u0131l\u0131mc\u0131 demokrasiyi geli\u015ftirmek ve ortak ak\u0131l k\u00fclt\u00fcr\u00fcn\u00fc g\u00fc\u00e7lendirmek ad\u0131na faaliyetlerini s\u00fcrd\u00fcren Manisa Kent Konseyi, Ba\u015fkan\u0131 Hakk\u0131 Bayraktar \u00f6nc\u00fcl\u00fc\u011f\u00fcnde&#8230;<\/p>\n","protected":false},"author":1,"featured_media":73419,"comment_status":"open","ping_status":"open","sticky":false,"template":"","format":"standard","meta":{"_crdt_document":"","footnotes":""},"categories":[127],"tags":[],"class_list":["post-73418","post","type-post","status-publish","format-standard","has-post-thumbnail","hentry","category-siyaset"],"_links":{"self":[{"href":"https:\/\/www.egemtv.com\/index.php?rest_route=\/wp\/v2\/posts\/73418","targetHints":{"allow":["GET"]}}],"collection":[{"href":"https:\/\/www.egemtv.com\/index.php?rest_route=\/wp\/v2\/posts"}],"about":[{"href":"https:\/\/www.egemtv.com\/index.php?rest_route=\/wp\/v2\/types\/post"}],"author":[{"embeddable":true,"href":"https:\/\/www.egemtv.com\/index.php?rest_route=\/wp\/v2\/users\/1"}],"replies":[{"embeddable":true,"href":"https:\/\/www.egemtv.com\/index.php?rest_route=%2Fwp%2Fv2%2Fcomments&post=73418"}],"version-history":[{"count":1,"href":"https:\/\/www.egemtv.com\/index.php?rest_route=\/wp\/v2\/posts\/73418\/revisions"}],"predecessor-version":[{"id":73420,"href":"https:\/\/www.egemtv.com\/index.php?rest_route=\/wp\/v2\/posts\/73418\/revisions\/73420"}],"wp:featuredmedia":[{"embeddable":true,"href":"https:\/\/www.egemtv.com\/index.php?rest_route=\/wp\/v2\/media\/73419"}],"wp:attachment":[{"href":"https:\/\/www.egemtv.com\/index.php?rest_route=%2Fwp%2Fv2%2Fmedia&parent=73418"}],"wp:term":[{"taxonomy":"category","embeddable":true,"href":"https:\/\/www.egemtv.com\/index.php?rest_route=%2Fwp%2Fv2%2Fcategories&post=73418"},{"taxonomy":"post_tag","embeddable":true,"href":"https:\/\/www.egemtv.com\/index.php?rest_route=%2Fwp%2Fv2%2Ftags&post=73418"}],"curies":[{"name":"wp","href":"https:\/\/api.w.org\/{rel}","templated":true}]}}