{"id":73415,"date":"2025-12-11T10:34:46","date_gmt":"2025-12-11T07:34:46","guid":{"rendered":"https:\/\/www.egemtv.com\/?p=73415"},"modified":"2025-12-11T10:34:47","modified_gmt":"2025-12-11T07:34:47","slug":"kaymakam-ates-ogrencilerin-misafiri-oldu-2","status":"publish","type":"post","link":"https:\/\/www.egemtv.com\/?p=73415","title":{"rendered":"Kaymakam Ate\u015f, \u00f6\u011frencilerin misafiri oldu"},"content":{"rendered":"<p>Sultanhisar Kaymakam\u0131 Ali Ekber Ate\u015f, \u2019Misafirim Kaymakam\u0131m\u2019 projesi kapsam\u0131nda anaokulu ve 8. s\u0131n\u0131f \u00f6\u011frencilerinin evlerine misafir oldu.<br \/>\n<br \/>Ayd\u0131n\u2019\u0131n Sultanhisar il\u00e7esinde y\u00fcr\u00fct\u00fclen \u2019Misafirim Kaymakam\u0131m\u2019 projesi kapsam\u0131nda Kaymakam Ali Ekber Ate\u015f, anaokulu ve ortaokul \u00f6\u011frencilerinin misafiri oldu. Bu \u00e7er\u00e7evede Kaymakam Ate\u015f, anaokulu \u00f6\u011frencisi Beren Etkin ve sekizinci s\u0131n\u0131f \u00f6\u011frencisi Mervenur Yuva\u2019n\u0131n evlerine misafir oldu. Ziyarette \u00f6\u011frenciler ile sohbet edip, tecr\u00fcbelerini payla\u015fan Kaymakam Ate\u015f, ayr\u0131ca e\u011fitim hayatlar\u0131yla ilgili tavsiyelerde bulundu. Samimi bir ortamda ge\u00e7en ziyaret ile duydu\u011fu memnuniyeti dile getiren Kaymakam Ate\u015f, \u00f6\u011frencilerin ailelerine de misafirperverlikleri i\u00e7in te\u015fekk\u00fcr etti.<br \/>\n<br \/>Konu ile ilgili Sultanhisar Kaymakaml\u0131\u011f\u0131\u2019ndan yap\u0131lan payla\u015f\u0131mda &#8220;Kaymakam\u0131m\u0131z Ali Ekber Ate\u015f, \u0130l\u00e7e Milli E\u011fitim M\u00fcd\u00fcr\u00fc Erdin\u00e7 G\u00fcner ve \u00f6\u011fretmenlerimizle birlikte \u2019Misafirim Kaymakam\u0131m\u2019 projesi kapsam\u0131nda Sabiha G\u00f6k\u00e7en Anaokulu \u00f6\u011frencisi Beren Etkin ile Zafer Ortaokulu 8. s\u0131n\u0131f \u00f6\u011frencisi Mervenur Yuva\u2019n\u0131n ailelerini ziyaret etti. Kaymakam\u0131m\u0131z, minik \u00f6\u011frencimiz Beren ile keyifli bir sohbet ger\u00e7ekle\u015ftirerek e\u011fitim yolculu\u011funda kendisine ba\u015far\u0131 dileklerini iletti. \u00d6\u011fretmenlerimizden Beren\u2019in geli\u015fimi, s\u0131n\u0131f i\u00e7i uyumu ve e\u011fitim s\u00fcreciyle ilgili bilgiler al\u0131nd\u0131. 8. s\u0131n\u0131f \u00f6\u011frencimiz Mervenur ile s\u0131nav hedefleri ve akademik durumu \u00fczerine de\u011ferlendirmeler yap\u0131larak eksik konular\u0131n tamamlanmas\u0131na y\u00f6nelik \u00e7al\u0131\u015fmalar planland\u0131. \u00d6\u011frencilerimize ba\u015far\u0131lar diliyor, misafirperverlikleri i\u00e7in ailelerimize te\u015fekk\u00fcr ediyoruz&#8221; ifadeleri yer ald\u0131.<br \/><\/p>\n","protected":false},"excerpt":{"rendered":"<p>Sultanhisar Kaymakam\u0131 Ali Ekber Ate\u015f, \u2019Misafirim Kaymakam\u0131m\u2019 projesi kapsam\u0131nda anaokulu ve 8. s\u0131n\u0131f \u00f6\u011frencilerinin evlerine misafir oldu. Ayd\u0131n\u2019\u0131n Sultanhisar il\u00e7esinde y\u00fcr\u00fct\u00fclen \u2019Misafirim Kaymakam\u0131m\u2019 projesi kapsam\u0131nda Kaymakam Ali Ekber Ate\u015f, anaokulu ve ortaokul \u00f6\u011frencilerinin misafiri oldu. Bu \u00e7er\u00e7evede Kaymakam Ate\u015f, anaokulu \u00f6\u011frencisi Beren Etkin ve sekizinci s\u0131n\u0131f \u00f6\u011frencisi Mervenur Yuva\u2019n\u0131n evlerine misafir oldu. Ziyarette \u00f6\u011frenciler ile&#8230;<\/p>\n","protected":false},"author":1,"featured_media":73416,"comment_status":"open","ping_status":"open","sticky":false,"template":"","format":"standard","meta":{"_crdt_document":"","footnotes":""},"categories":[1],"tags":[],"class_list":["post-73415","post","type-post","status-publish","format-standard","has-post-thumbnail","hentry","category-guncel"],"_links":{"self":[{"href":"https:\/\/www.egemtv.com\/index.php?rest_route=\/wp\/v2\/posts\/73415","targetHints":{"allow":["GET"]}}],"collection":[{"href":"https:\/\/www.egemtv.com\/index.php?rest_route=\/wp\/v2\/posts"}],"about":[{"href":"https:\/\/www.egemtv.com\/index.php?rest_route=\/wp\/v2\/types\/post"}],"author":[{"embeddable":true,"href":"https:\/\/www.egemtv.com\/index.php?rest_route=\/wp\/v2\/users\/1"}],"replies":[{"embeddable":true,"href":"https:\/\/www.egemtv.com\/index.php?rest_route=%2Fwp%2Fv2%2Fcomments&post=73415"}],"version-history":[{"count":1,"href":"https:\/\/www.egemtv.com\/index.php?rest_route=\/wp\/v2\/posts\/73415\/revisions"}],"predecessor-version":[{"id":73417,"href":"https:\/\/www.egemtv.com\/index.php?rest_route=\/wp\/v2\/posts\/73415\/revisions\/73417"}],"wp:featuredmedia":[{"embeddable":true,"href":"https:\/\/www.egemtv.com\/index.php?rest_route=\/wp\/v2\/media\/73416"}],"wp:attachment":[{"href":"https:\/\/www.egemtv.com\/index.php?rest_route=%2Fwp%2Fv2%2Fmedia&parent=73415"}],"wp:term":[{"taxonomy":"category","embeddable":true,"href":"https:\/\/www.egemtv.com\/index.php?rest_route=%2Fwp%2Fv2%2Fcategories&post=73415"},{"taxonomy":"post_tag","embeddable":true,"href":"https:\/\/www.egemtv.com\/index.php?rest_route=%2Fwp%2Fv2%2Ftags&post=73415"}],"curies":[{"name":"wp","href":"https:\/\/api.w.org\/{rel}","templated":true}]}}