{"id":73412,"date":"2025-12-11T10:34:45","date_gmt":"2025-12-11T07:34:45","guid":{"rendered":"https:\/\/www.egemtv.com\/?p=73412"},"modified":"2025-12-11T10:34:46","modified_gmt":"2025-12-11T07:34:46","slug":"kazada-yaralanan-surucu-hayata-tutunamadi","status":"publish","type":"post","link":"https:\/\/www.egemtv.com\/?p=73412","title":{"rendered":"Kazada yaralanan s\u00fcr\u00fcc\u00fc hayata tutunamad\u0131"},"content":{"rendered":"<p>Manisa\u2019n\u0131n Turgutlu il\u00e7esinde d\u00fcn ak\u015fam t\u0131r ve otomobilin \u00e7arp\u0131\u015fmas\u0131 sonucu a\u011f\u0131r yaralanan otomobil s\u00fcr\u00fcc\u00fcs\u00fc kald\u0131r\u0131ld\u0131\u011f\u0131 hastanede hayat\u0131n\u0131 kaybetti.<br \/>\n<br \/>Manisa\u2019n\u0131n Turgutlu il\u00e7esinde d\u00fcn 23.30 s\u0131ralar\u0131nda meydana gelen trafik kazas\u0131nda Mesut G\u00f6bekli idaresindeki  otomobil, yem fabrikas\u0131ndan karayoluna \u00e7\u0131k\u0131\u015f yapan Ahmet B. idaresindeki t\u0131ra \u00e7arpt\u0131. T\u0131r\u0131n tekerlek b\u00f6l\u00fcm\u00fcne \u00e7arpan ve adeta hurdaya d\u00f6nen otomobilin s\u00fcr\u00fcc\u00fcs\u00fc Mesut G\u00f6bekli (40) a\u011f\u0131r yaraland\u0131. Uzun u\u011fra\u015flar sonucu s\u0131k\u0131\u015ft\u0131\u011f\u0131 yerden itfaiye ekipleri taraf\u0131ndan \u00e7\u0131kar\u0131larak sa\u011fl\u0131k ekiplerine teslim edilen G\u00f6bekli ambulansla Turgutlu Devlet Hastanesine kald\u0131r\u0131ld\u0131. Turgutlu Devlet Hastanesinde tedaviye al\u0131nan s\u00fcr\u00fcc\u00fc Mesut G\u00f6bekli Turgutlu Devlet Hastanesi\u2019nde yap\u0131lan t\u00fcm m\u00fcdahalelere ra\u011fmen kurtar\u0131lamayarak hayat\u0131n\u0131 kaybetti.<br \/>\n<br \/>Kazayla ilgili incelemenin devam etti\u011fi \u00f6\u011frenildi.<br \/>\n<br \/>Mesut G\u00f6bekli\u2019nin cenazesinin bug\u00fcn Derbent Camiinde \u00f6\u011fle namaz\u0131n\u0131 m\u00fcteakip k\u0131l\u0131nacak cenaze namaz\u0131n\u0131n ard\u0131ndan Derbent Kabristanl\u0131kta topra\u011fa verilece\u011fi \u00f6\u011frenildi.<br \/><\/p>\n","protected":false},"excerpt":{"rendered":"<p>Manisa\u2019n\u0131n Turgutlu il\u00e7esinde d\u00fcn ak\u015fam t\u0131r ve otomobilin \u00e7arp\u0131\u015fmas\u0131 sonucu a\u011f\u0131r yaralanan otomobil s\u00fcr\u00fcc\u00fcs\u00fc kald\u0131r\u0131ld\u0131\u011f\u0131 hastanede hayat\u0131n\u0131 kaybetti. Manisa\u2019n\u0131n Turgutlu il\u00e7esinde d\u00fcn 23.30 s\u0131ralar\u0131nda meydana gelen trafik kazas\u0131nda Mesut G\u00f6bekli idaresindeki otomobil, yem fabrikas\u0131ndan karayoluna \u00e7\u0131k\u0131\u015f yapan Ahmet B. idaresindeki t\u0131ra \u00e7arpt\u0131. T\u0131r\u0131n tekerlek b\u00f6l\u00fcm\u00fcne \u00e7arpan ve adeta hurdaya d\u00f6nen otomobilin s\u00fcr\u00fcc\u00fcs\u00fc Mesut G\u00f6bekli (40)&#8230;<\/p>\n","protected":false},"author":1,"featured_media":73413,"comment_status":"open","ping_status":"open","sticky":false,"template":"","format":"standard","meta":{"_crdt_document":"","footnotes":""},"categories":[5],"tags":[],"class_list":["post-73412","post","type-post","status-publish","format-standard","has-post-thumbnail","hentry","category-asayis"],"_links":{"self":[{"href":"https:\/\/www.egemtv.com\/index.php?rest_route=\/wp\/v2\/posts\/73412","targetHints":{"allow":["GET"]}}],"collection":[{"href":"https:\/\/www.egemtv.com\/index.php?rest_route=\/wp\/v2\/posts"}],"about":[{"href":"https:\/\/www.egemtv.com\/index.php?rest_route=\/wp\/v2\/types\/post"}],"author":[{"embeddable":true,"href":"https:\/\/www.egemtv.com\/index.php?rest_route=\/wp\/v2\/users\/1"}],"replies":[{"embeddable":true,"href":"https:\/\/www.egemtv.com\/index.php?rest_route=%2Fwp%2Fv2%2Fcomments&post=73412"}],"version-history":[{"count":1,"href":"https:\/\/www.egemtv.com\/index.php?rest_route=\/wp\/v2\/posts\/73412\/revisions"}],"predecessor-version":[{"id":73414,"href":"https:\/\/www.egemtv.com\/index.php?rest_route=\/wp\/v2\/posts\/73412\/revisions\/73414"}],"wp:featuredmedia":[{"embeddable":true,"href":"https:\/\/www.egemtv.com\/index.php?rest_route=\/wp\/v2\/media\/73413"}],"wp:attachment":[{"href":"https:\/\/www.egemtv.com\/index.php?rest_route=%2Fwp%2Fv2%2Fmedia&parent=73412"}],"wp:term":[{"taxonomy":"category","embeddable":true,"href":"https:\/\/www.egemtv.com\/index.php?rest_route=%2Fwp%2Fv2%2Fcategories&post=73412"},{"taxonomy":"post_tag","embeddable":true,"href":"https:\/\/www.egemtv.com\/index.php?rest_route=%2Fwp%2Fv2%2Ftags&post=73412"}],"curies":[{"name":"wp","href":"https:\/\/api.w.org\/{rel}","templated":true}]}}