{"id":73409,"date":"2025-12-11T10:15:13","date_gmt":"2025-12-11T07:15:13","guid":{"rendered":"https:\/\/www.egemtv.com\/?p=73409"},"modified":"2025-12-11T10:15:14","modified_gmt":"2025-12-11T07:15:14","slug":"denizlili-fenerbahceliler-icin-kritik-zirve","status":"publish","type":"post","link":"https:\/\/www.egemtv.com\/?p=73409","title":{"rendered":"Denizlili Fenerbah\u00e7eliler i\u00e7in kritik zirve"},"content":{"rendered":"<p>Denizli Fenerbah\u00e7eliler Derne\u011fi Ba\u015fkan Aday\u0131 Sava\u015f Polat, Fenerbah\u00e7e Ba\u015fkan\u0131 Sadettin Saran ile bir araya geldi.<\/p>\n<p>Denizli Fenerbah\u00e7eliler Derne\u011fi Ba\u015fkan Aday\u0131 Sava\u015f Polat, Fenerbah\u00e7e Spor Kul\u00fcb\u00fc Ba\u015fkan\u0131 Sadettin Saran ile \u0130stanbul\u2019da \u00f6nemli bir g\u00f6r\u00fc\u015fme ger\u00e7ekle\u015ftirdi. Derneklerden Sorumlu Y\u00f6netim Kurulu \u00dcyesi Ertu\u011frul Eren Ergen ve Dernek M\u00fcd\u00fcr\u00fc Cem Yeti\u015f\u2019in de yer ald\u0131\u011f\u0131 ziyarette, Mart ay\u0131nda Denizli\u2019de yap\u0131lacak dernek se\u00e7im s\u00fcreci ve Denizli\u2019deki Fenerbah\u00e7e yap\u0131lanmas\u0131n\u0131n g\u00fc\u00e7lendirilmesine y\u00f6nelik kapsaml\u0131 de\u011ferlendirmeler ele al\u0131nd\u0131.<\/p>\n<p>G\u00f6r\u00fc\u015fme s\u0131ras\u0131nda kar\u015f\u0131l\u0131kl\u0131 fikir al\u0131\u015fveri\u015finde bulunulurken, Dernek Ba\u015fkan Aday\u0131 Sava\u015f Polat, Denizli\u2019deki Fenerbah\u00e7eli taraftarlar\u0131n beklentilerini, hedeflerini ve yeni d\u00f6nem vizyonunu Ba\u015fkan Saran\u2019a aktard\u0131. Sava\u015f Polat, Denizli\u2019de daha aktif, daha kat\u0131l\u0131mc\u0131 ve Fenerbah\u00e7e de\u011ferlerini g\u00fc\u00e7l\u00fc \u015fekilde temsil eden bir yap\u0131lanma olu\u015fturma hedeflerini detaylar\u0131yla payla\u015ft\u0131. Sava\u015f Polat, se\u00e7im s\u00fcrecinin \u015feffaf, kat\u0131l\u0131mc\u0131 ve camiay\u0131 birle\u015ftirici bir anlay\u0131\u015fla y\u00fcr\u00fct\u00fclece\u011fini vurgulayarak, t\u00fcm Fenerbah\u00e7elileri ortak hedefler do\u011frultusunda kenetlenmeye davet etti.<\/p>\n<p>Fenerbah\u00e7e Ba\u015fkan\u0131 Sadettin Saran da Denizli\u2019nin kul\u00fcp a\u00e7\u0131s\u0131ndan stratejik ve \u00f6nemli \u015fehirlerden biri oldu\u011funu vurgulayarak, Denizli Fenerbah\u00e7e camias\u0131n\u0131 \u00e7ok daha farkl\u0131 ve g\u00fc\u00e7l\u00fc bir seviyede g\u00f6rmek istedi\u011fini ifade etti.  Ba\u015fkan Saran, birlik, aidiyet ve kurumsal yap\u0131la\u015fman\u0131n \u00f6nemine dikkat \u00e7ekerek, se\u00e7im s\u00fcrecinin Denizli\u2019de olumlu bir de\u011fi\u015fim ve yenilenme f\u0131rsat\u0131 sundu\u011funu belirtti.<\/p>\n<p>G\u00f6r\u00fc\u015fmenin olumlu bir atmosferde ge\u00e7ti\u011fi, iki taraf\u0131n da Mart ay\u0131ndaki se\u00e7im s\u00fcrecinin hem dernek hem de Fenerbah\u00e7e camias\u0131 i\u00e7in yeni bir d\u00f6nemin ba\u015flang\u0131c\u0131 olabilece\u011fine dair g\u00fc\u00e7l\u00fc mesajlar verdi\u011fi bildirildi.<br \/><\/p>\n","protected":false},"excerpt":{"rendered":"<p>Denizli Fenerbah\u00e7eliler Derne\u011fi Ba\u015fkan Aday\u0131 Sava\u015f Polat, Fenerbah\u00e7e Ba\u015fkan\u0131 Sadettin Saran ile bir araya geldi. Denizli Fenerbah\u00e7eliler Derne\u011fi Ba\u015fkan Aday\u0131 Sava\u015f Polat, Fenerbah\u00e7e Spor Kul\u00fcb\u00fc Ba\u015fkan\u0131 Sadettin Saran ile \u0130stanbul\u2019da \u00f6nemli bir g\u00f6r\u00fc\u015fme ger\u00e7ekle\u015ftirdi. Derneklerden Sorumlu Y\u00f6netim Kurulu \u00dcyesi Ertu\u011frul Eren Ergen ve Dernek M\u00fcd\u00fcr\u00fc Cem Yeti\u015f\u2019in de yer ald\u0131\u011f\u0131 ziyarette, Mart ay\u0131nda Denizli\u2019de yap\u0131lacak&#8230;<\/p>\n","protected":false},"author":1,"featured_media":73410,"comment_status":"open","ping_status":"open","sticky":false,"template":"","format":"standard","meta":{"_crdt_document":"","footnotes":""},"categories":[4],"tags":[],"class_list":["post-73409","post","type-post","status-publish","format-standard","has-post-thumbnail","hentry","category-spor"],"_links":{"self":[{"href":"https:\/\/www.egemtv.com\/index.php?rest_route=\/wp\/v2\/posts\/73409","targetHints":{"allow":["GET"]}}],"collection":[{"href":"https:\/\/www.egemtv.com\/index.php?rest_route=\/wp\/v2\/posts"}],"about":[{"href":"https:\/\/www.egemtv.com\/index.php?rest_route=\/wp\/v2\/types\/post"}],"author":[{"embeddable":true,"href":"https:\/\/www.egemtv.com\/index.php?rest_route=\/wp\/v2\/users\/1"}],"replies":[{"embeddable":true,"href":"https:\/\/www.egemtv.com\/index.php?rest_route=%2Fwp%2Fv2%2Fcomments&post=73409"}],"version-history":[{"count":1,"href":"https:\/\/www.egemtv.com\/index.php?rest_route=\/wp\/v2\/posts\/73409\/revisions"}],"predecessor-version":[{"id":73411,"href":"https:\/\/www.egemtv.com\/index.php?rest_route=\/wp\/v2\/posts\/73409\/revisions\/73411"}],"wp:featuredmedia":[{"embeddable":true,"href":"https:\/\/www.egemtv.com\/index.php?rest_route=\/wp\/v2\/media\/73410"}],"wp:attachment":[{"href":"https:\/\/www.egemtv.com\/index.php?rest_route=%2Fwp%2Fv2%2Fmedia&parent=73409"}],"wp:term":[{"taxonomy":"category","embeddable":true,"href":"https:\/\/www.egemtv.com\/index.php?rest_route=%2Fwp%2Fv2%2Fcategories&post=73409"},{"taxonomy":"post_tag","embeddable":true,"href":"https:\/\/www.egemtv.com\/index.php?rest_route=%2Fwp%2Fv2%2Ftags&post=73409"}],"curies":[{"name":"wp","href":"https:\/\/api.w.org\/{rel}","templated":true}]}}