{"id":73406,"date":"2025-12-11T10:15:12","date_gmt":"2025-12-11T07:15:12","guid":{"rendered":"https:\/\/www.egemtv.com\/?p=73406"},"modified":"2025-12-11T10:15:13","modified_gmt":"2025-12-11T07:15:13","slug":"aydinin-dev-saglik-kompleksi-hizmete-hazirlaniyor","status":"publish","type":"post","link":"https:\/\/www.egemtv.com\/?p=73406","title":{"rendered":"Ayd\u0131n\u2019\u0131n dev sa\u011fl\u0131k kompleksi hizmete haz\u0131rlan\u0131yor"},"content":{"rendered":"<p>T\u00fcrkiye\u2019nin 21\u2019inci \u015fehir hastanesi unvan\u0131n\u0131 ta\u015f\u0131yan Ayd\u0131n \u015eehir Hastanesi\u2019nde a\u00e7\u0131l\u0131\u015f haz\u0131rl\u0131klar\u0131 t\u00fcm h\u0131z\u0131yla ilerlerken, sorumlular ve yetkililer saha incelemesinde bulundu. \u0130l Sa\u011fl\u0131k M\u00fcd\u00fcr\u00fc Dr. Eser \u015eenkul, ilgili hizmet ba\u015fkanlar\u0131 ve kurucu y\u00f6netim ekibiyle birlikte hastaneyi gezip son durumu de\u011ferlendirdi.<\/p>\n<p>Yakla\u015f\u0131k 140 d\u00f6n\u00fcml\u00fck arazi \u00fczerine kurulu hastanede, bin 300 yatakl\u0131 kapasiteye ek olarak acil durumlarda bu say\u0131n\u0131n bin 500\u2019e kadar \u00e7\u0131kar\u0131labilecek. Tam kapasiteyle birlikte 4 bin 695 personel \u00e7al\u0131\u015facak. G\u00fcnl\u00fck 18-20 bin hastaya; acil serviste ise 4 bin ki\u015fiye hizmet verilmesi hedeflenen hastanede ayl\u0131k bazda ise yakla\u015f\u0131k 450 bin vatanda\u015fa sa\u011fl\u0131k hizmeti sunulacak.<\/p>\n<p>Hastanenin b\u00fcnyesinde, Ayd\u0131n\u2019da ilk kez hizmete girecek donan\u0131mlara da yer veriliyor. Spekt tomografi, iyotlu tedavi merkezi, hiperbarik oksijen tedavi merkezi, hematoloji laboratuvar\u0131 gibi birimler, hem te\u015fhis hem tedavi y\u00f6n\u00fcyle \u015fehrin sa\u011fl\u0131k altyap\u0131s\u0131n\u0131 \u00f6nemli \u00f6l\u00e7\u00fcde g\u00fc\u00e7lendirecek. Poliklinikler, yatakl\u0131 servisler, ameliyathaneler, yo\u011fun bak\u0131m \u00fcniteleri, fizik tedavi ve rehabilitasyon \u00fcnitesi, kad\u0131n-do\u011fum servisi ve di\u011fer birimler de haz\u0131r hale geliyor.<\/p>\n<p>Ta\u015f\u0131nma s\u00fcreci kapsam\u0131nda mevcut hastaneler olan Ayd\u0131n Devlet Hastanesi, Atat\u00fcrk Devlet Hastanesi ile Kad\u0131n Do\u011fum ve \u00c7ocuk Hastal\u0131klar\u0131 Hastanesi yeni kamp\u00fcse aktar\u0131lacak. Bu sayede Ayd\u0131n\u2019da sa\u011fl\u0131k hizmetleri tek \u00e7at\u0131 alt\u0131nda, modern ve geni\u015f bir kamp\u00fcsle vatanda\u015flara sunulacak.<\/p>\n<p>Ayd\u0131n \u0130l Sa\u011fl\u0131k M\u00fcd\u00fcr\u00fc Dr. Eser \u015eenkul, ilgili hizmet ba\u015fkanlar\u0131 ve \u015eehir Hastanesi kurucu y\u00f6netim ekibi ile birlikte Ayd\u0131n \u015eehir Hastanesi\u2019nde a\u00e7\u0131l\u0131\u015f haz\u0131rl\u0131klar\u0131na y\u00f6nelik incelemelerde bulundu. Hastanelerin yo\u011fun bak\u0131m \u00fcnitelerinde g\u00f6revli sorumlu hem\u015firelerin de haz\u0131r bulundu\u011fu ziyarette, \u0130l Sa\u011fl\u0131k M\u00fcd\u00fcr\u00fc \u015eenkul; hasta kabul alanlar\u0131, poliklinikler, yo\u011fun bak\u0131m \u00fcniteleri, ameliyathane, Fizik Tedavi ve Rehabilitasyon \u00dcnitesi ile Kad\u0131n Do\u011fum Servisi ve salonunda incelemelerde bulunarak y\u00fcklenici firma yetkililerinden bilgi ald\u0131.<br \/><\/p>\n","protected":false},"excerpt":{"rendered":"<p>T\u00fcrkiye\u2019nin 21\u2019inci \u015fehir hastanesi unvan\u0131n\u0131 ta\u015f\u0131yan Ayd\u0131n \u015eehir Hastanesi\u2019nde a\u00e7\u0131l\u0131\u015f haz\u0131rl\u0131klar\u0131 t\u00fcm h\u0131z\u0131yla ilerlerken, sorumlular ve yetkililer saha incelemesinde bulundu. \u0130l Sa\u011fl\u0131k M\u00fcd\u00fcr\u00fc Dr. Eser \u015eenkul, ilgili hizmet ba\u015fkanlar\u0131 ve kurucu y\u00f6netim ekibiyle birlikte hastaneyi gezip son durumu de\u011ferlendirdi. Yakla\u015f\u0131k 140 d\u00f6n\u00fcml\u00fck arazi \u00fczerine kurulu hastanede, bin 300 yatakl\u0131 kapasiteye ek olarak acil durumlarda bu&#8230;<\/p>\n","protected":false},"author":1,"featured_media":73407,"comment_status":"open","ping_status":"open","sticky":false,"template":"","format":"standard","meta":{"_crdt_document":"","footnotes":""},"categories":[1],"tags":[],"class_list":["post-73406","post","type-post","status-publish","format-standard","has-post-thumbnail","hentry","category-guncel"],"_links":{"self":[{"href":"https:\/\/www.egemtv.com\/index.php?rest_route=\/wp\/v2\/posts\/73406","targetHints":{"allow":["GET"]}}],"collection":[{"href":"https:\/\/www.egemtv.com\/index.php?rest_route=\/wp\/v2\/posts"}],"about":[{"href":"https:\/\/www.egemtv.com\/index.php?rest_route=\/wp\/v2\/types\/post"}],"author":[{"embeddable":true,"href":"https:\/\/www.egemtv.com\/index.php?rest_route=\/wp\/v2\/users\/1"}],"replies":[{"embeddable":true,"href":"https:\/\/www.egemtv.com\/index.php?rest_route=%2Fwp%2Fv2%2Fcomments&post=73406"}],"version-history":[{"count":1,"href":"https:\/\/www.egemtv.com\/index.php?rest_route=\/wp\/v2\/posts\/73406\/revisions"}],"predecessor-version":[{"id":73408,"href":"https:\/\/www.egemtv.com\/index.php?rest_route=\/wp\/v2\/posts\/73406\/revisions\/73408"}],"wp:featuredmedia":[{"embeddable":true,"href":"https:\/\/www.egemtv.com\/index.php?rest_route=\/wp\/v2\/media\/73407"}],"wp:attachment":[{"href":"https:\/\/www.egemtv.com\/index.php?rest_route=%2Fwp%2Fv2%2Fmedia&parent=73406"}],"wp:term":[{"taxonomy":"category","embeddable":true,"href":"https:\/\/www.egemtv.com\/index.php?rest_route=%2Fwp%2Fv2%2Fcategories&post=73406"},{"taxonomy":"post_tag","embeddable":true,"href":"https:\/\/www.egemtv.com\/index.php?rest_route=%2Fwp%2Fv2%2Ftags&post=73406"}],"curies":[{"name":"wp","href":"https:\/\/api.w.org\/{rel}","templated":true}]}}