{"id":73403,"date":"2025-12-11T10:15:11","date_gmt":"2025-12-11T07:15:11","guid":{"rendered":"https:\/\/www.egemtv.com\/?p=73403"},"modified":"2025-12-11T10:15:12","modified_gmt":"2025-12-11T07:15:12","slug":"gelecegin-spor-yoneticileri-izmirden-yetisecek","status":"publish","type":"post","link":"https:\/\/www.egemtv.com\/?p=73403","title":{"rendered":"Gelece\u011fin spor y\u00f6neticileri \u0130zmir\u2019den yeti\u015fecek"},"content":{"rendered":"<p>\u0130zmir Ekonomi \u00dcniversitesi (\u0130E\u00dc), \u00fclkemizde sporun geli\u015fimine ve profesyonel y\u00f6neticilerin yeti\u015fmesine katk\u0131 sa\u011flamak amac\u0131yla b\u00fcy\u00fck bir ad\u0131m atarak T\u00fcrkiye geneline ula\u015facak \u00f6zel bir sertifika program\u0131 a\u00e7t\u0131. G\u00f6ztepe Spor Kul\u00fcb\u00fc\u2019n\u00fcn deste\u011fiyle hayata ge\u00e7en Spor Y\u00f6neticili\u011fi Sertifika Program\u0131\u2019nda kat\u0131l\u0131mc\u0131lara, spor d\u00fcnyas\u0131n\u0131n yak\u0131ndan tan\u0131d\u0131\u011f\u0131 30 usta isim taraf\u0131ndan 9 ayr\u0131 mod\u00fclde e\u011fitimler verilecek. Kul\u00fcp y\u00f6netimi, pazarlama, ileti\u015fim ve taraftar etkile\u015fimi gibi farkl\u0131 alanlara odaklanarak kat\u0131l\u0131mc\u0131lar\u0131n mesleki yetkinliklerini geli\u015ftirecek \u015fekilde tasarlanan, \u00e7evrim i\u00e7i d\u00fczenlenecek sertifika program\u0131na, \u0130E\u00dc\u2019n\u00fcn web sitesi \u00fczerinden 30 Aral\u0131k 2025 tarihine kadar ba\u015fvuru yap\u0131labilecek.<br \/>\n<br \/>Spor alan\u0131nda ilklere imza atm\u0131\u015f; sadece futbol de\u011fil bir\u00e7ok bran\u015fta ba\u015far\u0131larla, zaferlerle an\u0131lm\u0131\u015f \u0130zmir\u2019de ba\u015flayacak \u00f6rnek program, T\u00fcrkiye\u2019nin ihtiya\u00e7 duydu\u011fu spor y\u00f6neticilerinin yeti\u015fmesine zemin haz\u0131rlayacak. E\u011fitimlerin \u015fubat ay\u0131nda ba\u015flayaca\u011f\u0131 sertifika program\u0131; \u2018Modern Spor Ekonomisine Giri\u015f\u2019, \u2018Spor Ekosistemi\u2019, \u2018\u0130\u00e7eriden Y\u00f6netmek\u2019, \u2018Sporun Ekonomisi\u2019, \u2018Spor ve Medya\u2019, \u2018Sporda Mevzuat ve Y\u00f6neti\u015fim\u2019, \u2018Spor Teknolojisi ve Giri\u015fimcilik\u2019, \u2018Sporcu Kariyeri ve Marka Y\u00f6netimi\u2019 ile \u2018Taraftar 4.0\u2019 adl\u0131 mod\u00fcllerden olu\u015facak.<\/p>\n<p>Ger\u00e7ek ma\u00e7 deneyimi<br \/>\n<br \/>E\u011fitimler sonunda kat\u0131l\u0131mc\u0131lar\u0131n, edindikleri temel bilgileri yerinde deneyimlemesi i\u00e7in G\u00f6ztepe\u2019nin S\u00fcper Lig\u2019de oynayaca\u011f\u0131 bir ma\u00e7a saha ziyareti ger\u00e7ekle\u015ftirilecek. Kat\u0131l\u0131mc\u0131lar, bu sayede ma\u00e7 g\u00fcn\u00fc operasyonunun t\u00fcm a\u015famalar\u0131n\u0131 yerinde g\u00f6zlemleme ve uygulama yapma f\u0131rsat\u0131 bulacak.<\/p>\n<p>&#8220;\u0130zmir bizim g\u00f6z bebe\u011fimiz&#8221;<br \/>\n<br \/>\u00d6nceki D\u00f6nem Gen\u00e7lik ve Spor Bakan\u0131, AK Parti \u0130zmir Milletvekili Dr. Mehmet Muharrem Kasapo\u011flu, \u0130zmir\u2019e hem tesis hem sportif organizasyonlar anlam\u0131nda \u00e7ok \u00f6nem verdiklerini ifade ederek, &#8220;\u00c7a\u011f\u0131m\u0131z\u0131n spora olan yakla\u015f\u0131m\u0131; saha i\u00e7i performans\u0131n, saha d\u0131\u015f\u0131 y\u00f6netim kabiliyetleriyle birlikte y\u00fcr\u00fct\u00fclmesini gerekli k\u0131l\u0131yor. Sporun s\u00fcrd\u00fcr\u00fclebilir bir yap\u0131ya kavu\u015fmas\u0131 ancak; pazarlama, ileti\u015fim, sponsorluk ve t\u00fcm kurumsal bile\u015fenlerin, saha i\u00e7i organizasyonu desteklemesiyle m\u00fcmk\u00fcn. Bu yakla\u015f\u0131m, profesyonel sporcular kadar, spor profesyonellerinin de s\u00fcrecin \u00f6nemli bir par\u00e7as\u0131 olarak ortaya \u00e7\u0131kmas\u0131n\u0131 sa\u011fl\u0131yor. \u0130zmir, tarihi boyunca T\u00fcrk sporunun lokomotif ba\u015far\u0131lar\u0131na imza atm\u0131\u015f bir \u015fehrimiz. \u0130zmir bizim g\u00f6z bebe\u011fimiz. \u0130zmir\u2019e hem tesis hem sportif organizasyonlar anlam\u0131nda \u00e7ok \u00f6nem veriyoruz ve \u2018Spor Devrimi\u2019 diye adland\u0131rd\u0131\u011f\u0131m\u0131z; \u00fclkemizin son y\u0131llarda bran\u015f farketmeksizin kazand\u0131\u011f\u0131 d\u00fcnya \u00e7ap\u0131ndaki ba\u015far\u0131lar\u0131n en \u00f6nemli merkezlerinden biri olarak g\u00f6r\u00fcyoruz&#8221; diye konu\u015ftu.<br \/>\n<br \/>Dr. Kasapo\u011flu, spor y\u00f6neticili\u011fi alan\u0131nda \u0130zmir Ekonomi \u00dcniversitesi ve G\u00f6ztepe Kul\u00fcb\u00fc\u2019n\u00fcn katk\u0131lar\u0131yla haz\u0131rlanan sertifika program\u0131n\u0131n, insan kaynaklar\u0131 a\u00e7\u0131s\u0131ndan \u00fclke sporuna \u00e7ok \u00f6nemli katk\u0131lar yapaca\u011f\u0131n\u0131 belirterek, \u015fimdiden t\u00fcm kat\u0131l\u0131mc\u0131lara \u00fcst\u00fcn ba\u015far\u0131lar diledi.<\/p>\n<p>\u2018\u0130yi y\u00f6netilmek\u2019 bir zorunluluk<br \/>\n<br \/>\u0130zmir Ekonomi \u00dcniversitesi M\u00fctevelli Heyet Ba\u015fkan\u0131 Mahmut \u00d6zgener, T\u00fcrkiye\u2019de sporun kurumsalla\u015fmas\u0131 ve s\u00fcrd\u00fcr\u00fclebilir ba\u015far\u0131 k\u00fclt\u00fcr\u00fcn\u00fcn g\u00fc\u00e7lenmesi a\u00e7\u0131s\u0131ndan bu sertifika program\u0131n\u0131n b\u00fcy\u00fck \u00f6nem ta\u015f\u0131d\u0131\u011f\u0131n\u0131 s\u00f6yledi. Sporun, sadece saha i\u00e7i ba\u015far\u0131larla de\u011fil; kurumsal y\u00f6netim, ileti\u015fim, pazarlama ve s\u00fcrd\u00fcr\u00fclebilir yap\u0131lar\u0131n in\u015fas\u0131yla birlikte ele al\u0131nmas\u0131 gerekti\u011fini ifade eden \u00d6zgener, &#8220;G\u00f6ztepe Spor Kul\u00fcb\u00fc\u2019n\u00fcn k\u0131ymetli deste\u011fiyle hayata ge\u00e7irdi\u011fimiz Spor Y\u00f6neticili\u011fi Sertifika Program\u0131\u2019n\u0131 T\u00fcrkiye genelinden kat\u0131l\u0131mc\u0131lara a\u00e7maktan b\u00fcy\u00fck memnuniyet duyuyoruz. Spor ekosistemi her ge\u00e7en g\u00fcn daha profesyonel bir yap\u0131ya evriliyor. Kul\u00fcplerimizin ve spor kurumlar\u0131m\u0131z\u0131n g\u00fc\u00e7l\u00fc bir gelecek kurabilmesi i\u00e7in alana h\u00e2kim, g\u00fcncel yakla\u015f\u0131mlar\u0131 takip eden, etik de\u011ferlerle y\u00f6netebilen profesyonellere ihtiya\u00e7 var. A\u00e7aca\u011f\u0131m\u0131z sertifika program\u0131n\u0131n sporda y\u00f6netim k\u00fclt\u00fcr\u00fcn\u00fc geli\u015ftirece\u011fine, sekt\u00f6re nitelikli insan kayna\u011f\u0131 kazand\u0131raca\u011f\u0131na ve kat\u0131l\u0131mc\u0131lar\u0131n kariyer yolculuklar\u0131na somut bir katk\u0131 sunaca\u011f\u0131na inan\u0131yorum&#8221; diye konu\u015ftu.<\/p>\n<p>&#8220;\u0130zmir\u2019in spor haf\u0131zas\u0131 ve dinamizmi var&#8221;<br \/>\n<br \/>G\u00fc\u00e7l\u00fc spor k\u00fclt\u00fcr\u00fcyle \u0130zmir\u2019in, her bran\u015fta ciddi bir deneyime ve bilgi birikime sahip oldu\u011funa dikkat \u00e7eken \u00d6zgener, &#8220;Sertifika program\u0131n\u0131n \u0130zmir\u2019de ba\u015flamas\u0131, bizim i\u00e7in ayr\u0131ca anlaml\u0131 oldu. Spor y\u00f6neticili\u011fi gibi stratejik bir alanda, \u015fehrimizden T\u00fcrkiye\u2019ye yay\u0131lacak yeni bir e\u011fitim hamlesi ba\u015flatm\u0131\u015f olduk. \u0130zmir\u2019in spor haf\u0131zas\u0131 ve dinamizmi, bu program\u0131n hedefledi\u011fi profesyonelle\u015fme vizyonunu daha da de\u011ferli k\u0131l\u0131yor. Spor; ekonomik de\u011fer \u00fcreten, istihdam yaratan ve g\u00fc\u00e7l\u00fc bir ileti\u015fim ekosistemi kuran b\u00fcy\u00fck bir end\u00fcstri haline geldi. Spor y\u00f6neticili\u011fi ise kurumsal yap\u0131 kurmay\u0131, do\u011fru b\u00fct\u00e7e y\u00f6netimini, marka de\u011ferini y\u00fckseltmeyi, ileti\u015fimi \u015feffaf ve g\u00fcven i\u00e7inde y\u00fcr\u00fctmeyi, etik ve s\u00fcrd\u00fcr\u00fclebilirli\u011fi merkeze almay\u0131 gerektiriyor. Sertifika program\u0131n\u0131n i\u00e7eri\u011fini de bu bilin\u00e7le haz\u0131rlad\u0131k. Program\u0131n hayata ge\u00e7mesinde eme\u011fi olanlara, t\u00fcm e\u011fitmenlerimize ayr\u0131 ayr\u0131 te\u015fekk\u00fcr ediyorum&#8221; ifadelerini kulland\u0131.<\/p>\n<p>&#8220;Spor y\u00f6neticili\u011finin gelece\u011fine izmir\u2019den katk\u0131 sa\u011flamaktan gurur duyuyoruz&#8221;<br \/>\n<br \/>G\u00f6ztepe Spor Kul\u00fcb\u00fc Onursal Ba\u015fkan\u0131 Mehmet Sepil, G\u00f6ztepe olarak yaln\u0131zca sahada de\u011fil, sporun t\u00fcm alanlar\u0131nda T\u00fcrkiye\u2019ye \u00f6rnek olmay\u0131 hedefleyen bir kul\u00fcp olduklar\u0131n\u0131 belirterek, &#8220;Sporun geli\u015fimi; do\u011fru y\u00f6netim anlay\u0131\u015f\u0131 ve s\u00fcrd\u00fcr\u00fclebilir bir vizyonla m\u00fcmk\u00fcn olur. Bu nedenle \u0130zmir Ekonomi \u00dcniversitesi ile birlikte hayata ge\u00e7irilen Spor Y\u00f6neticili\u011fi Sertifika Program\u0131\u2019n\u0131 \u00e7ok k\u0131ymetli buluyorum. \u0130zmir, spor tarihine damga vurmu\u015f bir \u015fehir. G\u00f6ztepe ise bu \u015fehrin hem haf\u0131zas\u0131 hem de gelece\u011fe bakan y\u00fcz\u00fcd\u00fcr. B\u00f6yle \u00f6nemli bir sertifika program\u0131n\u0131n \u0130zmir\u2019den do\u011fmas\u0131 bizler i\u00e7in ayr\u0131ca gurur verici. Spor y\u00f6neticili\u011fi gibi kritik bir alanda, \u015fehrimizin bilgi birikimini ve enerjisini T\u00fcrkiye\u2019nin d\u00f6rt bir yan\u0131na ta\u015f\u0131m\u0131\u015f olaca\u011f\u0131z&#8221; dedi.<\/p>\n<p>&#8220;T\u00fcrkiye\u2019ye \u00f6rnek olaca\u011f\u0131na inan\u0131yorum&#8221;<br \/>\n<br \/>Sepil, s\u00f6zlerini \u015f\u00f6yle s\u00fcrd\u00fcrd\u00fc: &#8220;E\u011fitimleri haz\u0131rlayan t\u00fcm de\u011ferli akademisyenlere ve spor d\u00fcnyas\u0131ndan programa katk\u0131 sa\u011flayacak usta isimlere te\u015fekk\u00fcr ediyorum. G\u00f6ztepe\u2019nin ma\u00e7 g\u00fcn\u00fc operasyonlar\u0131n\u0131 yerinde g\u00f6rme imkan\u0131 sa\u011flanmas\u0131 da program\u0131n en \u00f6zel yanlar\u0131ndan biri olacak. Sporun gelece\u011fine yat\u0131r\u0131m yapmak, kul\u00fcplerimizin yar\u0131n\u0131n\u0131 g\u00fcvence alt\u0131na almakt\u0131r. Bu program\u0131n \u0130zmir\u2019den t\u00fcm T\u00fcrkiye\u2019ye \u00f6rnek olaca\u011f\u0131na y\u00fcrekten inan\u0131yorum. Spor d\u00fcnyas\u0131nda profesyonelle\u015fmeyi hedefleyen herkesi bu de\u011ferli yolculu\u011fa kat\u0131lmaya davet ediyorum.&#8221;<\/p>\n<p>&#8220;Pratik bilgi, uygulamaya d\u00f6n\u00fc\u015fecek&#8221;<br \/>\n<br \/>\u0130E\u00dc Rekt\u00f6r\u00fc Prof. Dr. Yusuf Hakan Abac\u0131o\u011flu ise, &#8220;Mikro-yeterlilikler \u00fczerine kurgulad\u0131\u011f\u0131m\u0131z ve akademik bilgiyi uygulama ile g\u00fc\u00e7lendirmeyi hedefledi\u011fimiz Spor Y\u00f6neticili\u011fi Sertifika Program\u0131\u2019n\u0131n; spor kurumlar\u0131nda profesyonelle\u015fmeyi destekleyece\u011fine, spor end\u00fcstrisine nitelikli insan kayna\u011f\u0131 kazand\u0131raca\u011f\u0131na y\u00fcrekten inan\u0131yorum. Sunaca\u011f\u0131m\u0131z \u00e7evrim i\u00e7i e\u011fitimler; ayn\u0131 zamanda g\u00fcncel \u00f6rnekler ve pratik yakla\u015f\u0131mlarla bilgiyi do\u011frudan uygulamaya d\u00f6n\u00fc\u015ft\u00fcrmeyi hedefliyor&#8221; diye konu\u015ftu.<br \/><\/p>\n","protected":false},"excerpt":{"rendered":"<p>\u0130zmir Ekonomi \u00dcniversitesi (\u0130E\u00dc), \u00fclkemizde sporun geli\u015fimine ve profesyonel y\u00f6neticilerin yeti\u015fmesine katk\u0131 sa\u011flamak amac\u0131yla b\u00fcy\u00fck bir ad\u0131m atarak T\u00fcrkiye geneline ula\u015facak \u00f6zel bir sertifika program\u0131 a\u00e7t\u0131. G\u00f6ztepe Spor Kul\u00fcb\u00fc\u2019n\u00fcn deste\u011fiyle hayata ge\u00e7en Spor Y\u00f6neticili\u011fi Sertifika Program\u0131\u2019nda kat\u0131l\u0131mc\u0131lara, spor d\u00fcnyas\u0131n\u0131n yak\u0131ndan tan\u0131d\u0131\u011f\u0131 30 usta isim taraf\u0131ndan 9 ayr\u0131 mod\u00fclde e\u011fitimler verilecek. Kul\u00fcp y\u00f6netimi, pazarlama, ileti\u015fim ve&#8230;<\/p>\n","protected":false},"author":1,"featured_media":73404,"comment_status":"open","ping_status":"open","sticky":false,"template":"","format":"standard","meta":{"_crdt_document":"","footnotes":""},"categories":[4],"tags":[],"class_list":["post-73403","post","type-post","status-publish","format-standard","has-post-thumbnail","hentry","category-spor"],"_links":{"self":[{"href":"https:\/\/www.egemtv.com\/index.php?rest_route=\/wp\/v2\/posts\/73403","targetHints":{"allow":["GET"]}}],"collection":[{"href":"https:\/\/www.egemtv.com\/index.php?rest_route=\/wp\/v2\/posts"}],"about":[{"href":"https:\/\/www.egemtv.com\/index.php?rest_route=\/wp\/v2\/types\/post"}],"author":[{"embeddable":true,"href":"https:\/\/www.egemtv.com\/index.php?rest_route=\/wp\/v2\/users\/1"}],"replies":[{"embeddable":true,"href":"https:\/\/www.egemtv.com\/index.php?rest_route=%2Fwp%2Fv2%2Fcomments&post=73403"}],"version-history":[{"count":1,"href":"https:\/\/www.egemtv.com\/index.php?rest_route=\/wp\/v2\/posts\/73403\/revisions"}],"predecessor-version":[{"id":73405,"href":"https:\/\/www.egemtv.com\/index.php?rest_route=\/wp\/v2\/posts\/73403\/revisions\/73405"}],"wp:featuredmedia":[{"embeddable":true,"href":"https:\/\/www.egemtv.com\/index.php?rest_route=\/wp\/v2\/media\/73404"}],"wp:attachment":[{"href":"https:\/\/www.egemtv.com\/index.php?rest_route=%2Fwp%2Fv2%2Fmedia&parent=73403"}],"wp:term":[{"taxonomy":"category","embeddable":true,"href":"https:\/\/www.egemtv.com\/index.php?rest_route=%2Fwp%2Fv2%2Fcategories&post=73403"},{"taxonomy":"post_tag","embeddable":true,"href":"https:\/\/www.egemtv.com\/index.php?rest_route=%2Fwp%2Fv2%2Ftags&post=73403"}],"curies":[{"name":"wp","href":"https:\/\/api.w.org\/{rel}","templated":true}]}}