{"id":73397,"date":"2025-12-11T10:15:09","date_gmt":"2025-12-11T07:15:09","guid":{"rendered":"https:\/\/www.egemtv.com\/?p=73397"},"modified":"2025-12-11T10:15:10","modified_gmt":"2025-12-11T07:15:10","slug":"dumlupinarda-bilgi-yarismasinda-dereceye-giren-ogrenciler-odullerini-aldi","status":"publish","type":"post","link":"https:\/\/www.egemtv.com\/?p=73397","title":{"rendered":"Dumlup\u0131nar\u2019da bilgi yar\u0131\u015fmas\u0131nda dereceye giren \u00f6\u011frenciler \u00f6d\u00fcllerini ald\u0131"},"content":{"rendered":"<p>Dumlup\u0131nar \u0130l\u00e7e M\u00fcft\u00fcl\u00fc\u011f\u00fc ile \u0130l\u00e7e Milli E\u011fitim M\u00fcd\u00fcrl\u00fc\u011f\u00fc koordinasyonunda d\u00fczenlenen, &#8220;Peygamberimizin Hayat\u0131&#8221; konulu bilgi yar\u0131\u015fmas\u0131nda dereceye giren \u00f6\u011frenciler, \u00f6d\u00fcllerini d\u00fczenlenen t\u00f6renle ald\u0131.<br \/>\n<br \/>\u0130l\u00e7e Kaymakam\u0131 Alperen Teltik, yar\u0131\u015fmada ba\u015far\u0131l\u0131 olan \u00f6\u011frencileri makam\u0131nda kabul ederek tebrik etti. \u00d6d\u00fcl t\u00f6reninde \u0130l\u00e7e M\u00fcft\u00fcs\u00fc Abd\u00fclmetin Yal\u00e7\u0131n ve \u0130l\u00e7e Milli E\u011fitim M\u00fcd\u00fcr\u00fc Salim Karabo\u011fa da haz\u0131r bulundu.<br \/>\n<br \/>\u00d6d\u00fcl ve hediye takdimi \u00f6ncesinde Kaymakam Teltik, \u00f6\u011frencilerle sohbet ederek yar\u0131\u015fma s\u00fcreci hakk\u0131nda bilgi ald\u0131 ve ba\u015far\u0131lar\u0131n\u0131n devam\u0131n\u0131 diledi.<br \/><\/p>\n","protected":false},"excerpt":{"rendered":"<p>Dumlup\u0131nar \u0130l\u00e7e M\u00fcft\u00fcl\u00fc\u011f\u00fc ile \u0130l\u00e7e Milli E\u011fitim M\u00fcd\u00fcrl\u00fc\u011f\u00fc koordinasyonunda d\u00fczenlenen, &#8220;Peygamberimizin Hayat\u0131&#8221; konulu bilgi yar\u0131\u015fmas\u0131nda dereceye giren \u00f6\u011frenciler, \u00f6d\u00fcllerini d\u00fczenlenen t\u00f6renle ald\u0131. \u0130l\u00e7e Kaymakam\u0131 Alperen Teltik, yar\u0131\u015fmada ba\u015far\u0131l\u0131 olan \u00f6\u011frencileri makam\u0131nda kabul ederek tebrik etti. \u00d6d\u00fcl t\u00f6reninde \u0130l\u00e7e M\u00fcft\u00fcs\u00fc Abd\u00fclmetin Yal\u00e7\u0131n ve \u0130l\u00e7e Milli E\u011fitim M\u00fcd\u00fcr\u00fc Salim Karabo\u011fa da haz\u0131r bulundu. \u00d6d\u00fcl ve hediye takdimi&#8230;<\/p>\n","protected":false},"author":1,"featured_media":73398,"comment_status":"open","ping_status":"open","sticky":false,"template":"","format":"standard","meta":{"_crdt_document":"","footnotes":""},"categories":[1],"tags":[],"class_list":["post-73397","post","type-post","status-publish","format-standard","has-post-thumbnail","hentry","category-guncel"],"_links":{"self":[{"href":"https:\/\/www.egemtv.com\/index.php?rest_route=\/wp\/v2\/posts\/73397","targetHints":{"allow":["GET"]}}],"collection":[{"href":"https:\/\/www.egemtv.com\/index.php?rest_route=\/wp\/v2\/posts"}],"about":[{"href":"https:\/\/www.egemtv.com\/index.php?rest_route=\/wp\/v2\/types\/post"}],"author":[{"embeddable":true,"href":"https:\/\/www.egemtv.com\/index.php?rest_route=\/wp\/v2\/users\/1"}],"replies":[{"embeddable":true,"href":"https:\/\/www.egemtv.com\/index.php?rest_route=%2Fwp%2Fv2%2Fcomments&post=73397"}],"version-history":[{"count":1,"href":"https:\/\/www.egemtv.com\/index.php?rest_route=\/wp\/v2\/posts\/73397\/revisions"}],"predecessor-version":[{"id":73399,"href":"https:\/\/www.egemtv.com\/index.php?rest_route=\/wp\/v2\/posts\/73397\/revisions\/73399"}],"wp:featuredmedia":[{"embeddable":true,"href":"https:\/\/www.egemtv.com\/index.php?rest_route=\/wp\/v2\/media\/73398"}],"wp:attachment":[{"href":"https:\/\/www.egemtv.com\/index.php?rest_route=%2Fwp%2Fv2%2Fmedia&parent=73397"}],"wp:term":[{"taxonomy":"category","embeddable":true,"href":"https:\/\/www.egemtv.com\/index.php?rest_route=%2Fwp%2Fv2%2Fcategories&post=73397"},{"taxonomy":"post_tag","embeddable":true,"href":"https:\/\/www.egemtv.com\/index.php?rest_route=%2Fwp%2Fv2%2Ftags&post=73397"}],"curies":[{"name":"wp","href":"https:\/\/api.w.org\/{rel}","templated":true}]}}