{"id":73394,"date":"2025-12-11T09:54:39","date_gmt":"2025-12-11T06:54:39","guid":{"rendered":"https:\/\/www.egemtv.com\/?p=73394"},"modified":"2025-12-11T09:54:40","modified_gmt":"2025-12-11T06:54:40","slug":"sehit-ramazan-yelin-adi-aslanapada-egitim-kurumunda-yasatilacak","status":"publish","type":"post","link":"https:\/\/www.egemtv.com\/?p=73394","title":{"rendered":"\u015eehit Ramazan Yel\u2019in ad\u0131 Aslanapa\u2019da e\u011fitim kurumunda ya\u015fat\u0131lacak"},"content":{"rendered":"<p>K\u00fctahya\u2019n\u0131n Aslanapa il\u00e7esinde, \u015fehit Piyade \u00c7avu\u015f Ramazan Yel\u2019in ad\u0131n\u0131n ya\u015fat\u0131lmas\u0131 amac\u0131yla anlaml\u0131 bir t\u00f6ren d\u00fczenlendi.<br \/>\n<br \/>T\u00f6rene il protokol\u00fc, \u015fehidin ailesi, \u00f6\u011fretmenler, \u00f6\u011frenciler ve vatanda\u015flar kat\u0131ld\u0131. Sayg\u0131 duru\u015fu ve \u0130stiklal Mar\u015f\u0131\u2019n\u0131n okunmas\u0131yla ba\u015flayan t\u00f6ren, Kur\u2019an-\u0131 Kerim tilavetiyle devam etti. K\u00fctahya\u2019n\u0131n Aslanapa il\u00e7esi Nuh\u00f6ren K\u00f6y\u00fc n\u00fcfusuna kay\u0131tl\u0131 olan \u015eehit Piyade \u00c7avu\u015f Ramazan Yel\u2019in ad\u0131, art\u0131k yeni nesillerin yeti\u015fece\u011fi bir e\u011fitim kurumunda ya\u015fayacak.<br \/>\n<br \/>Programda konu\u015fan Vali Musa I\u015f\u0131n, \u015fehidin ad\u0131n\u0131n okula verilmesinin b\u00fcy\u00fck bir vefa \u00f6rne\u011fi oldu\u011funu belirterek \u015funlar\u0131 s\u00f6yledi: &#8220;Bug\u00fcn, vatan\u0131m\u0131z u\u011fruna can\u0131n\u0131 feda eden kahraman evlad\u0131m\u0131z \u015eehit Ramazan Yel\u2019in ad\u0131n\u0131 ya\u015fatmak i\u00e7in bir araya geldik. Okulumuzun ismini \u015fehidimizin ismiyle ta\u00e7land\u0131rarak onun hat\u0131ras\u0131n\u0131 ilelebet ya\u015fatmay\u0131 ama\u00e7lad\u0131k. Cenab-\u0131 Hak \u015fehidimize rahmet, ailesine sab\u0131r ihsan eylesin. \u015eehitlerimiz bu milletin \u015ferefi ve onurudur. Aziz \u015fehidimizin ad\u0131 burada yeti\u015fecek her \u00f6\u011frenciye cesaret, iman, vatan ve millet sevgisi kazand\u0131racakt\u0131r.&#8221;<\/p>\n<p>Sevim Do\u011fan\u2019\u0131n ad\u0131 ak\u0131l ve zek\u00e2 oyunlar\u0131 s\u0131n\u0131f\u0131nda ya\u015fat\u0131lacak<br \/>\n<br \/>T\u00f6rende ayr\u0131ca gen\u00e7 ya\u015fta ge\u00e7irdi\u011fi trafik kazas\u0131nda hayat\u0131n\u0131 kaybeden Aslanapa Adak\u00f6y n\u00fcfusuna kay\u0131tl\u0131 merhume Sevim Do\u011fan\u2019\u0131n ad\u0131 da okul b\u00fcnyesinde olu\u015fturulan &#8220;Ak\u0131l ve Zek\u00e2 Oyunlar\u0131 S\u0131n\u0131f\u0131&#8221;na verildi.<br \/>\n<br \/>Vali Musa I\u015f\u0131n ve protokol \u00fcyelerinin a\u00e7\u0131l\u0131\u015f\u0131n\u0131 yapt\u0131\u011f\u0131 s\u0131n\u0131f\u0131n, \u00f6\u011frencilerin d\u00fc\u015f\u00fcnme becerilerinin geli\u015ftirilmesi, stratejik karar verme yeteneklerinin art\u0131r\u0131lmas\u0131 ve problem \u00e7\u00f6zme kabiliyetlerinin desteklenmesi amac\u0131yla hizmete a\u00e7\u0131ld\u0131\u011f\u0131 belirtildi.<br \/>\n<br \/>Program, \u015fehit ailesine duyulan minnettarl\u0131\u011f\u0131n ifade edilmesi ve hat\u0131ralar\u0131n ya\u015fat\u0131lmas\u0131na y\u00f6nelik mesajlarla sona erdi.<br \/><\/p>\n","protected":false},"excerpt":{"rendered":"<p>K\u00fctahya\u2019n\u0131n Aslanapa il\u00e7esinde, \u015fehit Piyade \u00c7avu\u015f Ramazan Yel\u2019in ad\u0131n\u0131n ya\u015fat\u0131lmas\u0131 amac\u0131yla anlaml\u0131 bir t\u00f6ren d\u00fczenlendi. T\u00f6rene il protokol\u00fc, \u015fehidin ailesi, \u00f6\u011fretmenler, \u00f6\u011frenciler ve vatanda\u015flar kat\u0131ld\u0131. Sayg\u0131 duru\u015fu ve \u0130stiklal Mar\u015f\u0131\u2019n\u0131n okunmas\u0131yla ba\u015flayan t\u00f6ren, Kur\u2019an-\u0131 Kerim tilavetiyle devam etti. K\u00fctahya\u2019n\u0131n Aslanapa il\u00e7esi Nuh\u00f6ren K\u00f6y\u00fc n\u00fcfusuna kay\u0131tl\u0131 olan \u015eehit Piyade \u00c7avu\u015f Ramazan Yel\u2019in ad\u0131, art\u0131k yeni nesillerin&#8230;<\/p>\n","protected":false},"author":1,"featured_media":73395,"comment_status":"open","ping_status":"open","sticky":false,"template":"","format":"standard","meta":{"_crdt_document":"","footnotes":""},"categories":[123],"tags":[],"class_list":["post-73394","post","type-post","status-publish","format-standard","has-post-thumbnail","hentry","category-gundem"],"_links":{"self":[{"href":"https:\/\/www.egemtv.com\/index.php?rest_route=\/wp\/v2\/posts\/73394","targetHints":{"allow":["GET"]}}],"collection":[{"href":"https:\/\/www.egemtv.com\/index.php?rest_route=\/wp\/v2\/posts"}],"about":[{"href":"https:\/\/www.egemtv.com\/index.php?rest_route=\/wp\/v2\/types\/post"}],"author":[{"embeddable":true,"href":"https:\/\/www.egemtv.com\/index.php?rest_route=\/wp\/v2\/users\/1"}],"replies":[{"embeddable":true,"href":"https:\/\/www.egemtv.com\/index.php?rest_route=%2Fwp%2Fv2%2Fcomments&post=73394"}],"version-history":[{"count":1,"href":"https:\/\/www.egemtv.com\/index.php?rest_route=\/wp\/v2\/posts\/73394\/revisions"}],"predecessor-version":[{"id":73396,"href":"https:\/\/www.egemtv.com\/index.php?rest_route=\/wp\/v2\/posts\/73394\/revisions\/73396"}],"wp:featuredmedia":[{"embeddable":true,"href":"https:\/\/www.egemtv.com\/index.php?rest_route=\/wp\/v2\/media\/73395"}],"wp:attachment":[{"href":"https:\/\/www.egemtv.com\/index.php?rest_route=%2Fwp%2Fv2%2Fmedia&parent=73394"}],"wp:term":[{"taxonomy":"category","embeddable":true,"href":"https:\/\/www.egemtv.com\/index.php?rest_route=%2Fwp%2Fv2%2Fcategories&post=73394"},{"taxonomy":"post_tag","embeddable":true,"href":"https:\/\/www.egemtv.com\/index.php?rest_route=%2Fwp%2Fv2%2Ftags&post=73394"}],"curies":[{"name":"wp","href":"https:\/\/api.w.org\/{rel}","templated":true}]}}