{"id":73391,"date":"2025-12-11T09:54:38","date_gmt":"2025-12-11T06:54:38","guid":{"rendered":"https:\/\/www.egemtv.com\/?p=73391"},"modified":"2025-12-11T09:54:39","modified_gmt":"2025-12-11T06:54:39","slug":"kutahya-belediye-baskani-kahveci-taksici-esnafiyla-bir-araya-geldi","status":"publish","type":"post","link":"https:\/\/www.egemtv.com\/?p=73391","title":{"rendered":"K\u00fctahya Belediye Ba\u015fkan\u0131 Kahveci, taksici esnaf\u0131yla bir araya geldi"},"content":{"rendered":"<p>K\u00fctahya Belediye Ba\u015fkan\u0131 Ey\u00fcp Kahveci, \u015fehir i\u00e7i ula\u015f\u0131m\u0131n daha g\u00fcvenli ve konforlu hale getirilmesi amac\u0131yla Emniyet, Evliya \u00c7elebi ve Sa\u011fl\u0131k Taksi Duraklar\u0131n\u0131 ziyaret etti.<br \/>\n<br \/>Ba\u015fkan Kahveci\u2019ye, Ula\u015f\u0131m Hizmetleri M\u00fcd\u00fcr\u00fc Hakan Kef de e\u015flik etti. Ziyaretlerde taksici esnaf\u0131yla birebir g\u00f6r\u00fc\u015fmeler ger\u00e7ekle\u015ftiren Ba\u015fkan Kahveci, \u015fehir i\u00e7i ula\u015f\u0131m\u0131n mevcut durumu, sahadaki ihtiya\u00e7lar ve kar\u015f\u0131la\u015f\u0131lan sorunlarla ilgili de\u011ferlendirmelerde bulundu. Trafik d\u00fczeni, duraklar\u0131n fiziksel \u015fartlar\u0131 ve yolcu g\u00fcvenli\u011fi gibi konularda esnaftan bilgi ald\u0131.<br \/>\n<br \/>Toplant\u0131larda, ula\u015f\u0131mda ya\u015fanan aksakl\u0131klar\u0131n giderilmesine y\u00f6nelik \u00e7\u00f6z\u00fcm \u00f6nerileri ele al\u0131nd\u0131. Ayr\u0131ca \u015fehir i\u00e7i ula\u015f\u0131m kalitesini art\u0131rmaya y\u00f6nelik y\u00fcr\u00fct\u00fclen \u00e7al\u0131\u015fmalar hakk\u0131nda kar\u015f\u0131l\u0131kl\u0131 g\u00f6r\u00fc\u015f al\u0131\u015fveri\u015fi yap\u0131ld\u0131.<br \/>\n<br \/>Esnaf\u0131n sahadaki tecr\u00fcbesinin belediye planlamalar\u0131na \u00f6nemli katk\u0131 sa\u011flad\u0131\u011f\u0131n\u0131 vurgulayan Ba\u015fkan Ey\u00fcp Kahveci, bu t\u00fcr ziyaretlerin d\u00fczenli aral\u0131klarla devam edece\u011fini belirterek taksici esnaf\u0131na hay\u0131rl\u0131 ve bereketli kazan\u00e7lar diledi.<br \/><\/p>\n","protected":false},"excerpt":{"rendered":"<p>K\u00fctahya Belediye Ba\u015fkan\u0131 Ey\u00fcp Kahveci, \u015fehir i\u00e7i ula\u015f\u0131m\u0131n daha g\u00fcvenli ve konforlu hale getirilmesi amac\u0131yla Emniyet, Evliya \u00c7elebi ve Sa\u011fl\u0131k Taksi Duraklar\u0131n\u0131 ziyaret etti. Ba\u015fkan Kahveci\u2019ye, Ula\u015f\u0131m Hizmetleri M\u00fcd\u00fcr\u00fc Hakan Kef de e\u015flik etti. Ziyaretlerde taksici esnaf\u0131yla birebir g\u00f6r\u00fc\u015fmeler ger\u00e7ekle\u015ftiren Ba\u015fkan Kahveci, \u015fehir i\u00e7i ula\u015f\u0131m\u0131n mevcut durumu, sahadaki ihtiya\u00e7lar ve kar\u015f\u0131la\u015f\u0131lan sorunlarla ilgili de\u011ferlendirmelerde bulundu&#8230;.<\/p>\n","protected":false},"author":1,"featured_media":73392,"comment_status":"open","ping_status":"open","sticky":false,"template":"","format":"standard","meta":{"_crdt_document":"","footnotes":""},"categories":[123],"tags":[],"class_list":["post-73391","post","type-post","status-publish","format-standard","has-post-thumbnail","hentry","category-gundem"],"_links":{"self":[{"href":"https:\/\/www.egemtv.com\/index.php?rest_route=\/wp\/v2\/posts\/73391","targetHints":{"allow":["GET"]}}],"collection":[{"href":"https:\/\/www.egemtv.com\/index.php?rest_route=\/wp\/v2\/posts"}],"about":[{"href":"https:\/\/www.egemtv.com\/index.php?rest_route=\/wp\/v2\/types\/post"}],"author":[{"embeddable":true,"href":"https:\/\/www.egemtv.com\/index.php?rest_route=\/wp\/v2\/users\/1"}],"replies":[{"embeddable":true,"href":"https:\/\/www.egemtv.com\/index.php?rest_route=%2Fwp%2Fv2%2Fcomments&post=73391"}],"version-history":[{"count":1,"href":"https:\/\/www.egemtv.com\/index.php?rest_route=\/wp\/v2\/posts\/73391\/revisions"}],"predecessor-version":[{"id":73393,"href":"https:\/\/www.egemtv.com\/index.php?rest_route=\/wp\/v2\/posts\/73391\/revisions\/73393"}],"wp:featuredmedia":[{"embeddable":true,"href":"https:\/\/www.egemtv.com\/index.php?rest_route=\/wp\/v2\/media\/73392"}],"wp:attachment":[{"href":"https:\/\/www.egemtv.com\/index.php?rest_route=%2Fwp%2Fv2%2Fmedia&parent=73391"}],"wp:term":[{"taxonomy":"category","embeddable":true,"href":"https:\/\/www.egemtv.com\/index.php?rest_route=%2Fwp%2Fv2%2Fcategories&post=73391"},{"taxonomy":"post_tag","embeddable":true,"href":"https:\/\/www.egemtv.com\/index.php?rest_route=%2Fwp%2Fv2%2Ftags&post=73391"}],"curies":[{"name":"wp","href":"https:\/\/api.w.org\/{rel}","templated":true}]}}