{"id":73388,"date":"2025-12-11T09:54:38","date_gmt":"2025-12-11T06:54:38","guid":{"rendered":"https:\/\/www.egemtv.com\/?p=73388"},"modified":"2025-12-11T09:54:38","modified_gmt":"2025-12-11T06:54:38","slug":"vali-musa-isin-aslanapa-halk-egitim-merkezinde-kursiyerlerle-bulustu","status":"publish","type":"post","link":"https:\/\/www.egemtv.com\/?p=73388","title":{"rendered":"Vali Musa I\u015f\u0131n, Aslanapa Halk E\u011fitim Merkezi\u2019nde kursiyerlerle bulu\u015ftu"},"content":{"rendered":"<p>K\u00fctahya Valisi Musa I\u015f\u0131n, Aslanapa il\u00e7e program\u0131 kapsam\u0131nda il protokol\u00fcyle birlikte Aslanapa Halk E\u011fitim Merkezi\u2019ni ziyaret etti. Ziyarette merkezde faaliyet g\u00f6steren giyim ve \u00e7ini at\u00f6lyelerinde incelemelerde bulunan Vali I\u015f\u0131n, kursiyerlerle bir araya gelerek y\u00fcr\u00fct\u00fclen \u00e7al\u0131\u015fmalar hakk\u0131nda bilgi ald\u0131.<br \/>\n<br \/>At\u00f6lyelerde \u00fcretilen el eme\u011fi \u00fcr\u00fcnleri yak\u0131ndan inceleyen Vali I\u015f\u0131n, kursiyerlerin ortaya koydu\u011fu i\u015flerin e\u011fitim, istihdam ve ekonomik kazan\u00e7 a\u00e7\u0131s\u0131ndan \u00f6nemli katk\u0131lar sundu\u011funu vurgulad\u0131. Emeklerinden dolay\u0131 kursiyerlere te\u015fekk\u00fcr eden Vali I\u015f\u0131n, yap\u0131lan \u00fcretimlerin b\u00f6lge i\u00e7in de\u011ferli oldu\u011funun alt\u0131n\u0131 \u00e7izdi.<br \/>\n<br \/>Vali I\u015f\u0131n, ziyaret s\u0131ras\u0131nda kursiyerlerle sohbet ederek talep ve \u00f6nerilerini dinledi. Giyim ve \u00e7ini kurslar\u0131n\u0131n hem ki\u015fisel geli\u015fime hem de kad\u0131nlar\u0131n \u00fcretime kat\u0131l\u0131m\u0131na destek sa\u011flad\u0131\u011f\u0131n\u0131 belirten Vali I\u015f\u0131n, kad\u0131nlar\u0131n bu s\u00fcre\u00e7te aile ekonomisine ve sosyal hayata \u00f6nemli katk\u0131lar sundu\u011funu ifade etti.<br \/><\/p>\n","protected":false},"excerpt":{"rendered":"<p>K\u00fctahya Valisi Musa I\u015f\u0131n, Aslanapa il\u00e7e program\u0131 kapsam\u0131nda il protokol\u00fcyle birlikte Aslanapa Halk E\u011fitim Merkezi\u2019ni ziyaret etti. Ziyarette merkezde faaliyet g\u00f6steren giyim ve \u00e7ini at\u00f6lyelerinde incelemelerde bulunan Vali I\u015f\u0131n, kursiyerlerle bir araya gelerek y\u00fcr\u00fct\u00fclen \u00e7al\u0131\u015fmalar hakk\u0131nda bilgi ald\u0131. At\u00f6lyelerde \u00fcretilen el eme\u011fi \u00fcr\u00fcnleri yak\u0131ndan inceleyen Vali I\u015f\u0131n, kursiyerlerin ortaya koydu\u011fu i\u015flerin e\u011fitim, istihdam ve ekonomik&#8230;<\/p>\n","protected":false},"author":1,"featured_media":73389,"comment_status":"open","ping_status":"open","sticky":false,"template":"","format":"standard","meta":{"_crdt_document":"","footnotes":""},"categories":[123],"tags":[],"class_list":["post-73388","post","type-post","status-publish","format-standard","has-post-thumbnail","hentry","category-gundem"],"_links":{"self":[{"href":"https:\/\/www.egemtv.com\/index.php?rest_route=\/wp\/v2\/posts\/73388","targetHints":{"allow":["GET"]}}],"collection":[{"href":"https:\/\/www.egemtv.com\/index.php?rest_route=\/wp\/v2\/posts"}],"about":[{"href":"https:\/\/www.egemtv.com\/index.php?rest_route=\/wp\/v2\/types\/post"}],"author":[{"embeddable":true,"href":"https:\/\/www.egemtv.com\/index.php?rest_route=\/wp\/v2\/users\/1"}],"replies":[{"embeddable":true,"href":"https:\/\/www.egemtv.com\/index.php?rest_route=%2Fwp%2Fv2%2Fcomments&post=73388"}],"version-history":[{"count":1,"href":"https:\/\/www.egemtv.com\/index.php?rest_route=\/wp\/v2\/posts\/73388\/revisions"}],"predecessor-version":[{"id":73390,"href":"https:\/\/www.egemtv.com\/index.php?rest_route=\/wp\/v2\/posts\/73388\/revisions\/73390"}],"wp:featuredmedia":[{"embeddable":true,"href":"https:\/\/www.egemtv.com\/index.php?rest_route=\/wp\/v2\/media\/73389"}],"wp:attachment":[{"href":"https:\/\/www.egemtv.com\/index.php?rest_route=%2Fwp%2Fv2%2Fmedia&parent=73388"}],"wp:term":[{"taxonomy":"category","embeddable":true,"href":"https:\/\/www.egemtv.com\/index.php?rest_route=%2Fwp%2Fv2%2Fcategories&post=73388"},{"taxonomy":"post_tag","embeddable":true,"href":"https:\/\/www.egemtv.com\/index.php?rest_route=%2Fwp%2Fv2%2Ftags&post=73388"}],"curies":[{"name":"wp","href":"https:\/\/api.w.org\/{rel}","templated":true}]}}