{"id":73385,"date":"2025-12-11T09:54:37","date_gmt":"2025-12-11T06:54:37","guid":{"rendered":"https:\/\/www.egemtv.com\/?p=73385"},"modified":"2025-12-11T09:54:38","modified_gmt":"2025-12-11T06:54:38","slug":"bozdoganli-ailenin-bebegi-ambulansta-dunyaya-geldi","status":"publish","type":"post","link":"https:\/\/www.egemtv.com\/?p=73385","title":{"rendered":"Bozdo\u011fanl\u0131 ailenin bebe\u011fi ambulansta d\u00fcnyaya geldi"},"content":{"rendered":"<p>Ayd\u0131n\u2019\u0131n Bozdo\u011fan il\u00e7esinde do\u011fum sanc\u0131lar\u0131 ba\u015flayan bir kad\u0131n, hastaneye g\u00f6t\u00fcr\u00fcl\u00fcrken do\u011fumun hastane yolunda ba\u015flamas\u0131 \u00fczerine Bozdo\u011fan 2 No\u2019lu Acil Sa\u011fl\u0131k Hizmetleri \u0130stasyonu personeli taraf\u0131ndan gerekli m\u00fcdahaleleri yaparak do\u011fumu ambulansta ba\u015far\u0131yla ger\u00e7ekle\u015ftirdi. Anne ve bebek ilk kontrollerinin ard\u0131ndan Bozdo\u011fan Rasim Mente\u015fe \u0130l\u00e7e Devlet Hastanesi\u2019ne sevk edildi.<\/p>\n<p>Akyaka Mahallesi\u2019nden 112 Acil \u00c7a\u011fr\u0131 Merkezi\u2019ne yap\u0131lan do\u011fum ihbar\u0131 \u00fczerine b\u00f6lgeye \u0130l Ambulans Servisi Ba\u015fhekimli\u011fi\u2019ne ba\u011fl\u0131 Bozdo\u011fan 2 No\u2019lu (S\u0131rma) Acil Sa\u011fl\u0131k Hizmetleri \u0130stasyonu ekibi y\u00f6nlendirildi. Ekip taraf\u0131ndan vakaya ula\u015f\u0131lmas\u0131n\u0131n ard\u0131ndan hastaneye sevki s\u0131ras\u0131nda do\u011fumun ba\u015flamas\u0131 \u00fczerine ambulansta bulunan Acil Sa\u011fl\u0131k Hizmetleri personeli, gerekli t\u0131bbi m\u00fcdahaleleri protokollere uygun \u015fekilde ger\u00e7ekle\u015ftirerek do\u011fumu ambulans i\u00e7erisinde ba\u015far\u0131yla tamamlad\u0131. Yap\u0131lan t\u0131bbi m\u00fcdahalenin ard\u0131ndan sa\u011fl\u0131kl\u0131 bir k\u0131z bebek d\u00fcnyaya geldi. Anne ve bebe\u011fin ilk muayeneleri ambulansta yap\u0131ld\u0131ktan sonra ikisi de kontrol ama\u00e7l\u0131 Bozdo\u011fan Rasim Mente\u015fe \u0130l\u00e7e Devlet Hastanesi\u2019ne nakledildi.<\/p>\n<p>Ayd\u0131n \u0130l Sa\u011fl\u0131k M\u00fcd\u00fcrl\u00fc\u011f\u00fc, hem anneye hem de d\u00fcnyaya g\u00f6zlerini a\u00e7an bebe\u011fe sa\u011fl\u0131k ve mutluluk dileklerini iletirken s\u00fcre\u00e7 boyunca \u00f6zveriyle g\u00f6rev yapan sa\u011fl\u0131k personeline te\u015fekk\u00fcr etti.<br \/><\/p>\n","protected":false},"excerpt":{"rendered":"<p>Ayd\u0131n\u2019\u0131n Bozdo\u011fan il\u00e7esinde do\u011fum sanc\u0131lar\u0131 ba\u015flayan bir kad\u0131n, hastaneye g\u00f6t\u00fcr\u00fcl\u00fcrken do\u011fumun hastane yolunda ba\u015flamas\u0131 \u00fczerine Bozdo\u011fan 2 No\u2019lu Acil Sa\u011fl\u0131k Hizmetleri \u0130stasyonu personeli taraf\u0131ndan gerekli m\u00fcdahaleleri yaparak do\u011fumu ambulansta ba\u015far\u0131yla ger\u00e7ekle\u015ftirdi. Anne ve bebek ilk kontrollerinin ard\u0131ndan Bozdo\u011fan Rasim Mente\u015fe \u0130l\u00e7e Devlet Hastanesi\u2019ne sevk edildi. Akyaka Mahallesi\u2019nden 112 Acil \u00c7a\u011fr\u0131 Merkezi\u2019ne yap\u0131lan do\u011fum ihbar\u0131 \u00fczerine&#8230;<\/p>\n","protected":false},"author":1,"featured_media":73386,"comment_status":"open","ping_status":"open","sticky":false,"template":"","format":"standard","meta":{"_crdt_document":"","footnotes":""},"categories":[1],"tags":[],"class_list":["post-73385","post","type-post","status-publish","format-standard","has-post-thumbnail","hentry","category-guncel"],"_links":{"self":[{"href":"https:\/\/www.egemtv.com\/index.php?rest_route=\/wp\/v2\/posts\/73385","targetHints":{"allow":["GET"]}}],"collection":[{"href":"https:\/\/www.egemtv.com\/index.php?rest_route=\/wp\/v2\/posts"}],"about":[{"href":"https:\/\/www.egemtv.com\/index.php?rest_route=\/wp\/v2\/types\/post"}],"author":[{"embeddable":true,"href":"https:\/\/www.egemtv.com\/index.php?rest_route=\/wp\/v2\/users\/1"}],"replies":[{"embeddable":true,"href":"https:\/\/www.egemtv.com\/index.php?rest_route=%2Fwp%2Fv2%2Fcomments&post=73385"}],"version-history":[{"count":1,"href":"https:\/\/www.egemtv.com\/index.php?rest_route=\/wp\/v2\/posts\/73385\/revisions"}],"predecessor-version":[{"id":73387,"href":"https:\/\/www.egemtv.com\/index.php?rest_route=\/wp\/v2\/posts\/73385\/revisions\/73387"}],"wp:featuredmedia":[{"embeddable":true,"href":"https:\/\/www.egemtv.com\/index.php?rest_route=\/wp\/v2\/media\/73386"}],"wp:attachment":[{"href":"https:\/\/www.egemtv.com\/index.php?rest_route=%2Fwp%2Fv2%2Fmedia&parent=73385"}],"wp:term":[{"taxonomy":"category","embeddable":true,"href":"https:\/\/www.egemtv.com\/index.php?rest_route=%2Fwp%2Fv2%2Fcategories&post=73385"},{"taxonomy":"post_tag","embeddable":true,"href":"https:\/\/www.egemtv.com\/index.php?rest_route=%2Fwp%2Fv2%2Ftags&post=73385"}],"curies":[{"name":"wp","href":"https:\/\/api.w.org\/{rel}","templated":true}]}}