{"id":73382,"date":"2025-12-11T09:35:39","date_gmt":"2025-12-11T06:35:39","guid":{"rendered":"https:\/\/www.egemtv.com\/?p=73382"},"modified":"2025-12-11T09:35:40","modified_gmt":"2025-12-11T06:35:40","slug":"salihlide-insan-haklari-kurulu-toplantisi-gerceklestirildi","status":"publish","type":"post","link":"https:\/\/www.egemtv.com\/?p=73382","title":{"rendered":"Salihli\u2019de \u0130nsan Haklar\u0131 Kurulu Toplant\u0131s\u0131 ger\u00e7ekle\u015ftirildi"},"content":{"rendered":"<p>Manisa\u2019n\u0131n Salihli il\u00e7esinde \u0130nsan Haklar\u0131 Kurulu Toplant\u0131s\u0131, Kaymakam Ali G\u00fcldo\u011fan ba\u015fkanl\u0131\u011f\u0131nda Kaymakaml\u0131k Toplant\u0131 Salonu\u2019nda yap\u0131ld\u0131. Toplant\u0131ya kurul \u00fcyeleri ile ilgili kurum temsilcileri kat\u0131ld\u0131.<br \/>\n<br \/>10 Aral\u0131k D\u00fcnya \u0130nsan Haklar\u0131 G\u00fcn\u00fc kapsam\u0131nda il\u00e7edeki t\u00fcm okullar aras\u0131nda d\u00fczenlenen resim yar\u0131\u015fmas\u0131nda dereceye giren \u00f6\u011frencilere \u00f6d\u00fclleri de toplant\u0131 \u00f6ncesinde takdim edildi. Kaymakam G\u00fcldo\u011fan, insan haklar\u0131 bilincinin k\u00fc\u00e7\u00fck ya\u015flardan itibaren kazand\u0131r\u0131lmas\u0131n\u0131n \u00f6nemine vurgu yaparak \u00f6\u011frencileri tebrik etti.<br \/>\n<br \/>Toplant\u0131da, \u0130l\u00e7e \u0130nsan Haklar\u0131 Kurulu\u2019nun genel \u00e7al\u0131\u015fma durumu ve y\u00fcr\u00fct\u00fclen uygulamalar hakk\u0131nda de\u011ferlendirmelerde bulunuldu. G\u00fcndemde yer alan maddeler g\u00f6r\u00fc\u015f\u00fclerek kurul \u00fcyelerinin \u00f6nerileri ele al\u0131nd\u0131.<br \/>\n<br \/>Yap\u0131lan de\u011ferlendirmelerin ard\u0131ndan toplant\u0131, kurul \u00fcyelerinin katk\u0131lar\u0131yla sona erdi.<br \/><\/p>\n","protected":false},"excerpt":{"rendered":"<p>Manisa\u2019n\u0131n Salihli il\u00e7esinde \u0130nsan Haklar\u0131 Kurulu Toplant\u0131s\u0131, Kaymakam Ali G\u00fcldo\u011fan ba\u015fkanl\u0131\u011f\u0131nda Kaymakaml\u0131k Toplant\u0131 Salonu\u2019nda yap\u0131ld\u0131. Toplant\u0131ya kurul \u00fcyeleri ile ilgili kurum temsilcileri kat\u0131ld\u0131. 10 Aral\u0131k D\u00fcnya \u0130nsan Haklar\u0131 G\u00fcn\u00fc kapsam\u0131nda il\u00e7edeki t\u00fcm okullar aras\u0131nda d\u00fczenlenen resim yar\u0131\u015fmas\u0131nda dereceye giren \u00f6\u011frencilere \u00f6d\u00fclleri de toplant\u0131 \u00f6ncesinde takdim edildi. Kaymakam G\u00fcldo\u011fan, insan haklar\u0131 bilincinin k\u00fc\u00e7\u00fck ya\u015flardan itibaren kazand\u0131r\u0131lmas\u0131n\u0131n&#8230;<\/p>\n","protected":false},"author":1,"featured_media":73383,"comment_status":"open","ping_status":"open","sticky":false,"template":"","format":"standard","meta":{"_crdt_document":"","footnotes":""},"categories":[123],"tags":[],"class_list":["post-73382","post","type-post","status-publish","format-standard","has-post-thumbnail","hentry","category-gundem"],"_links":{"self":[{"href":"https:\/\/www.egemtv.com\/index.php?rest_route=\/wp\/v2\/posts\/73382","targetHints":{"allow":["GET"]}}],"collection":[{"href":"https:\/\/www.egemtv.com\/index.php?rest_route=\/wp\/v2\/posts"}],"about":[{"href":"https:\/\/www.egemtv.com\/index.php?rest_route=\/wp\/v2\/types\/post"}],"author":[{"embeddable":true,"href":"https:\/\/www.egemtv.com\/index.php?rest_route=\/wp\/v2\/users\/1"}],"replies":[{"embeddable":true,"href":"https:\/\/www.egemtv.com\/index.php?rest_route=%2Fwp%2Fv2%2Fcomments&post=73382"}],"version-history":[{"count":1,"href":"https:\/\/www.egemtv.com\/index.php?rest_route=\/wp\/v2\/posts\/73382\/revisions"}],"predecessor-version":[{"id":73384,"href":"https:\/\/www.egemtv.com\/index.php?rest_route=\/wp\/v2\/posts\/73382\/revisions\/73384"}],"wp:featuredmedia":[{"embeddable":true,"href":"https:\/\/www.egemtv.com\/index.php?rest_route=\/wp\/v2\/media\/73383"}],"wp:attachment":[{"href":"https:\/\/www.egemtv.com\/index.php?rest_route=%2Fwp%2Fv2%2Fmedia&parent=73382"}],"wp:term":[{"taxonomy":"category","embeddable":true,"href":"https:\/\/www.egemtv.com\/index.php?rest_route=%2Fwp%2Fv2%2Fcategories&post=73382"},{"taxonomy":"post_tag","embeddable":true,"href":"https:\/\/www.egemtv.com\/index.php?rest_route=%2Fwp%2Fv2%2Ftags&post=73382"}],"curies":[{"name":"wp","href":"https:\/\/api.w.org\/{rel}","templated":true}]}}