{"id":73379,"date":"2025-12-11T09:35:39","date_gmt":"2025-12-11T06:35:39","guid":{"rendered":"https:\/\/www.egemtv.com\/?p=73379"},"modified":"2025-12-11T09:35:39","modified_gmt":"2025-12-11T06:35:39","slug":"egitim-bir-sen-yonetiminden-okullara-ziyaret","status":"publish","type":"post","link":"https:\/\/www.egemtv.com\/?p=73379","title":{"rendered":"E\u011fitim Bir Sen y\u00f6netiminden okullara ziyaret"},"content":{"rendered":"<p>E\u011fitim-Bir-Sen Manisa 1 No\u2019lu \u015eube Ba\u015fkan\u0131 Ahmet Yasav ve y\u00f6netim kurulu \u00fcyeleri, Yunusemre il\u00e7esinde bulunan \u00fc\u00e7 e\u011fitim kurumunu ziyaret ederek idareciler ve \u00f6\u011fretmenlerle bir araya geldi.<br \/>\n<br \/>E\u011fitim-Bir-Sen Manisa 1 No\u2019lu \u015eube Ba\u015fkan\u0131 Ahmet Yasav ve y\u00f6netimi, Yunusemre\u2019de \u00fc\u00e7 okulda e\u011fitim \u00e7al\u0131\u015fanlar\u0131yla bir araya gelerek sorunlar\u0131 dinledi, \u00e7\u00f6z\u00fcm \u00f6nerilerini de\u011ferlendirdi.<br \/>\n<br \/>Ziyaret kapsam\u0131nda Manisa Sosyal Bilimler Lisesi, Borsa \u0130stanbul K\u0131z Mesleki ve Teknik Anadolu Lisesi ile Manisa Ticaret Borsas\u0131 Anadolu Lisesi\u2019nde y\u00f6netici, \u00f6\u011fretmen ve e\u011fitim \u00e7al\u0131\u015fanlar\u0131yla g\u00f6r\u00fc\u015fen sendika temsilcileri, okullar\u0131n mevcut durumu, ya\u015fanan sorunlar ve \u00e7\u00f6z\u00fcm \u00f6nerilerine ili\u015fkin isti\u015farelerde bulundu.<br \/>\n<br \/>Okul idarecileri ve \u00f6\u011fretmenlerin taleplerini dinleyen Ba\u015fkan Yasav, e\u011fitim \u00e7al\u0131\u015fanlar\u0131n\u0131n \u00e7al\u0131\u015fma \u015fartlar\u0131n\u0131n iyile\u015ftirilmesi ad\u0131na sendika olarak her zaman sahada olduklar\u0131n\u0131 s\u00f6yledi.<br \/>\n<br \/>Yasav ve y\u00f6netim kurulu \u00fcyeleri, g\u00f6sterdikleri misafirperverlik ve nazik ev sahipli\u011fi dolay\u0131s\u0131yla okul y\u00f6netimlerine te\u015fekk\u00fcr etti.<br \/><\/p>\n","protected":false},"excerpt":{"rendered":"<p>E\u011fitim-Bir-Sen Manisa 1 No\u2019lu \u015eube Ba\u015fkan\u0131 Ahmet Yasav ve y\u00f6netim kurulu \u00fcyeleri, Yunusemre il\u00e7esinde bulunan \u00fc\u00e7 e\u011fitim kurumunu ziyaret ederek idareciler ve \u00f6\u011fretmenlerle bir araya geldi. E\u011fitim-Bir-Sen Manisa 1 No\u2019lu \u015eube Ba\u015fkan\u0131 Ahmet Yasav ve y\u00f6netimi, Yunusemre\u2019de \u00fc\u00e7 okulda e\u011fitim \u00e7al\u0131\u015fanlar\u0131yla bir araya gelerek sorunlar\u0131 dinledi, \u00e7\u00f6z\u00fcm \u00f6nerilerini de\u011ferlendirdi. Ziyaret kapsam\u0131nda Manisa Sosyal Bilimler Lisesi,&#8230;<\/p>\n","protected":false},"author":1,"featured_media":73380,"comment_status":"open","ping_status":"open","sticky":false,"template":"","format":"standard","meta":{"_crdt_document":"","footnotes":""},"categories":[1],"tags":[],"class_list":["post-73379","post","type-post","status-publish","format-standard","has-post-thumbnail","hentry","category-guncel"],"_links":{"self":[{"href":"https:\/\/www.egemtv.com\/index.php?rest_route=\/wp\/v2\/posts\/73379","targetHints":{"allow":["GET"]}}],"collection":[{"href":"https:\/\/www.egemtv.com\/index.php?rest_route=\/wp\/v2\/posts"}],"about":[{"href":"https:\/\/www.egemtv.com\/index.php?rest_route=\/wp\/v2\/types\/post"}],"author":[{"embeddable":true,"href":"https:\/\/www.egemtv.com\/index.php?rest_route=\/wp\/v2\/users\/1"}],"replies":[{"embeddable":true,"href":"https:\/\/www.egemtv.com\/index.php?rest_route=%2Fwp%2Fv2%2Fcomments&post=73379"}],"version-history":[{"count":1,"href":"https:\/\/www.egemtv.com\/index.php?rest_route=\/wp\/v2\/posts\/73379\/revisions"}],"predecessor-version":[{"id":73381,"href":"https:\/\/www.egemtv.com\/index.php?rest_route=\/wp\/v2\/posts\/73379\/revisions\/73381"}],"wp:featuredmedia":[{"embeddable":true,"href":"https:\/\/www.egemtv.com\/index.php?rest_route=\/wp\/v2\/media\/73380"}],"wp:attachment":[{"href":"https:\/\/www.egemtv.com\/index.php?rest_route=%2Fwp%2Fv2%2Fmedia&parent=73379"}],"wp:term":[{"taxonomy":"category","embeddable":true,"href":"https:\/\/www.egemtv.com\/index.php?rest_route=%2Fwp%2Fv2%2Fcategories&post=73379"},{"taxonomy":"post_tag","embeddable":true,"href":"https:\/\/www.egemtv.com\/index.php?rest_route=%2Fwp%2Fv2%2Ftags&post=73379"}],"curies":[{"name":"wp","href":"https:\/\/api.w.org\/{rel}","templated":true}]}}