{"id":73376,"date":"2025-12-11T09:35:38","date_gmt":"2025-12-11T06:35:38","guid":{"rendered":"https:\/\/www.egemtv.com\/?p=73376"},"modified":"2025-12-11T09:35:39","modified_gmt":"2025-12-11T06:35:39","slug":"alasehirde-igde-agaclarinin-sayisi-her-gecen-gun-azaliyor","status":"publish","type":"post","link":"https:\/\/www.egemtv.com\/?p=73376","title":{"rendered":"Ala\u015fehir\u2019de i\u011fde a\u011fa\u00e7lar\u0131n\u0131n say\u0131s\u0131 her ge\u00e7en g\u00fcn azal\u0131yor"},"content":{"rendered":"<p>Manisa\u2019n\u0131n Ala\u015fehir il\u00e7esinde sa\u011fl\u0131k a\u00e7\u0131s\u0131ndan b\u00fcy\u00fck faydalar\u0131yla bilinen i\u011fde a\u011fa\u00e7lar\u0131n\u0131n say\u0131s\u0131 h\u0131zla azal\u0131yor. Eskiden her evin bah\u00e7esinde bulunan i\u011fde, bug\u00fcn semt pazarlar\u0131nda bile zor bulunurken kilosu 200 TL\u2019den sat\u0131l\u0131yor.<br \/>\n<br \/>Manisa\u2019n\u0131n Ala\u015fehir il\u00e7esinde sa\u011fl\u0131k a\u00e7\u0131s\u0131ndan y\u00fcksek de\u011fere sahip olan i\u011fde a\u011fa\u00e7lar\u0131n\u0131n say\u0131s\u0131 her ge\u00e7en y\u0131l azal\u0131yor. Meyvesi, yapra\u011f\u0131, \u00e7ekirde\u011fi ve \u00e7i\u00e7ekleriyle \u015fifa kayna\u011f\u0131 olarak bilinen i\u011fde, art\u0131k pek \u00e7ok bah\u00e7ede g\u00f6r\u00fclmez hale geldi.<br \/>\n<br \/>Ala\u015fehir\u2019de \u00e7ift\u00e7ilik yapan 60 ya\u015f\u0131ndaki Mustafa Ak\u00e7am, arazisinde tek kalan i\u011fde a\u011fac\u0131n\u0131 korumak i\u00e7in b\u00fcy\u00fck \u00e7aba g\u00f6sterdi\u011fini s\u00f6yledi. Eskiden her ailenin bah\u00e7esinde mutlaka bir i\u011fde a\u011fac\u0131 bulundu\u011funu dile getiren Ak\u00e7am, &#8220;Atalar\u0131m\u0131z i\u011fdenin faydalar\u0131n\u0131 anlat\u0131rd\u0131. Her ak\u015fam \u00e7erez olarak yerdik. Ancak i\u011fde a\u011fa\u00e7lar\u0131 her y\u0131l azal\u0131yor, nesli t\u00fckenmek \u00fczere&#8221; dedi.<br \/>\n<br \/>Bir zamanlar\u0131n uzun k\u0131\u015f gecelerinin vazge\u00e7ilmez meyvesi olan i\u011fde, T\u00fcrkiye\u2019nin bir\u00e7ok b\u00f6lgesinde yeti\u015fmesine ra\u011fmen \u00fcretimi giderek d\u00fc\u015f\u00fcyor. \u0130\u00e7 Anadolu ve G\u00fcneydo\u011fu Anadolu\u2019da yayg\u0131n olarak g\u00f6r\u00fclen i\u011fde a\u011fac\u0131n\u0131n meyvesi, yapra\u011f\u0131, \u00e7ekirde\u011fi ve \u00e7i\u00e7e\u011fi sa\u011fl\u0131k a\u00e7\u0131s\u0131ndan \u00f6nemli faydalar bar\u0131nd\u0131r\u0131yor.<br \/>\n<br \/>\u0130\u011fde; sindirim sistemini d\u00fczenlerken, kab\u0131zl\u0131\u011f\u0131 \u00f6nlemesi, ba\u011f\u0131\u015f\u0131kl\u0131\u011f\u0131 g\u00fc\u00e7lendirmesi, kolesterol\u00fc d\u00fc\u015f\u00fcrerek kalp sa\u011fl\u0131\u011f\u0131n\u0131 desteklemesi, kan \u015fekerinin dengelenmesine yard\u0131mc\u0131 olmas\u0131, karaci\u011fer ya\u011flanmas\u0131n\u0131 azaltabilmesi ve b\u00f6brek ta\u015f\u0131 d\u00fc\u015f\u00fcrmeye katk\u0131 sa\u011flamas\u0131yla biliniyor.<br \/>\n<br \/>\u0130\u011fde \u00e7ekirde\u011fi tozu da antioksidan ve antimikrobiyal \u00f6zellikleriyle mide\u2013ba\u011f\u0131rsak enfeksiyonlar\u0131na, \u00f6dem at\u0131m\u0131na ve yara iyile\u015fmesine destek oldu\u011fu, kan bas\u0131nc\u0131n\u0131 d\u00fc\u015f\u00fcrmeye, kronik hastal\u0131k riskini azaltmaya ve \u00f6ks\u00fcr\u00fc\u011f\u00fc hafifletmeye yard\u0131mc\u0131 oldu\u011fu \u00f6\u011frenildi.<br \/>\n<br \/>\u0130\u011fdenin yapra\u011f\u0131, \u00e7i\u00e7e\u011fi ve meyvesi de \u00e7ay olarak t\u00fcketilebiliyor. Bir bardak s\u0131cak suya birka\u00e7 i\u011fde eklenerek haz\u0131rlanan i\u011fde \u00e7ay\u0131 da \u00f6zellikle Ala\u015fehir b\u00f6lgesinde s\u0131k\u00e7a tercih ediliyor.<br \/>\n<br \/>Ala\u015fehir semt pazar\u0131nda ise art\u0131k nadir bulunan i\u011fde, kilosu 200 TL\u2019den al\u0131c\u0131 buluyor.<br \/><\/p>\n","protected":false},"excerpt":{"rendered":"<p>Manisa\u2019n\u0131n Ala\u015fehir il\u00e7esinde sa\u011fl\u0131k a\u00e7\u0131s\u0131ndan b\u00fcy\u00fck faydalar\u0131yla bilinen i\u011fde a\u011fa\u00e7lar\u0131n\u0131n say\u0131s\u0131 h\u0131zla azal\u0131yor. Eskiden her evin bah\u00e7esinde bulunan i\u011fde, bug\u00fcn semt pazarlar\u0131nda bile zor bulunurken kilosu 200 TL\u2019den sat\u0131l\u0131yor. Manisa\u2019n\u0131n Ala\u015fehir il\u00e7esinde sa\u011fl\u0131k a\u00e7\u0131s\u0131ndan y\u00fcksek de\u011fere sahip olan i\u011fde a\u011fa\u00e7lar\u0131n\u0131n say\u0131s\u0131 her ge\u00e7en y\u0131l azal\u0131yor. Meyvesi, yapra\u011f\u0131, \u00e7ekirde\u011fi ve \u00e7i\u00e7ekleriyle \u015fifa kayna\u011f\u0131 olarak bilinen i\u011fde,&#8230;<\/p>\n","protected":false},"author":1,"featured_media":73377,"comment_status":"open","ping_status":"open","sticky":false,"template":"","format":"standard","meta":{"_crdt_document":"","footnotes":""},"categories":[125],"tags":[],"class_list":["post-73376","post","type-post","status-publish","format-standard","has-post-thumbnail","hentry","category-ekonomi"],"_links":{"self":[{"href":"https:\/\/www.egemtv.com\/index.php?rest_route=\/wp\/v2\/posts\/73376","targetHints":{"allow":["GET"]}}],"collection":[{"href":"https:\/\/www.egemtv.com\/index.php?rest_route=\/wp\/v2\/posts"}],"about":[{"href":"https:\/\/www.egemtv.com\/index.php?rest_route=\/wp\/v2\/types\/post"}],"author":[{"embeddable":true,"href":"https:\/\/www.egemtv.com\/index.php?rest_route=\/wp\/v2\/users\/1"}],"replies":[{"embeddable":true,"href":"https:\/\/www.egemtv.com\/index.php?rest_route=%2Fwp%2Fv2%2Fcomments&post=73376"}],"version-history":[{"count":1,"href":"https:\/\/www.egemtv.com\/index.php?rest_route=\/wp\/v2\/posts\/73376\/revisions"}],"predecessor-version":[{"id":73378,"href":"https:\/\/www.egemtv.com\/index.php?rest_route=\/wp\/v2\/posts\/73376\/revisions\/73378"}],"wp:featuredmedia":[{"embeddable":true,"href":"https:\/\/www.egemtv.com\/index.php?rest_route=\/wp\/v2\/media\/73377"}],"wp:attachment":[{"href":"https:\/\/www.egemtv.com\/index.php?rest_route=%2Fwp%2Fv2%2Fmedia&parent=73376"}],"wp:term":[{"taxonomy":"category","embeddable":true,"href":"https:\/\/www.egemtv.com\/index.php?rest_route=%2Fwp%2Fv2%2Fcategories&post=73376"},{"taxonomy":"post_tag","embeddable":true,"href":"https:\/\/www.egemtv.com\/index.php?rest_route=%2Fwp%2Fv2%2Ftags&post=73376"}],"curies":[{"name":"wp","href":"https:\/\/api.w.org\/{rel}","templated":true}]}}