{"id":73373,"date":"2025-12-11T09:35:37","date_gmt":"2025-12-11T06:35:37","guid":{"rendered":"https:\/\/www.egemtv.com\/?p=73373"},"modified":"2025-12-11T09:35:38","modified_gmt":"2025-12-11T06:35:38","slug":"didimin-sultanlari-deplasmandan-galibiyet-ile-dondu-2","status":"publish","type":"post","link":"https:\/\/www.egemtv.com\/?p=73373","title":{"rendered":"Didim\u2019in sultanlar\u0131 deplasmandan galibiyet ile d\u00f6nd\u00fc"},"content":{"rendered":"<p>TVF Kad\u0131nlar 2. Ligi 7. Grup\u2019ta m\u00fccadele eden Didim Belediyespor, ligin 16. haftas\u0131nda kar\u015f\u0131 kar\u015f\u0131ya geldi\u011fi Gaziemir Belediyespor\u2019u 3-0 ma\u011flup ederek haftay\u0131 galibiyetle kapatt\u0131.<\/p>\n<p>Ma\u00e7 boyunca y\u00fcksek temposunu koruyan ve \u00fcst\u00fcn oyun anlay\u0131\u015f\u0131n\u0131 sahaya yans\u0131tan Didim temsilcisi, setlerin tamam\u0131nda rakibine bask\u0131 kurarak \u00fcst\u00fcnl\u00fc\u011f\u00fcn\u00fc hissettirdi. H\u00fccumda etkili, savunmada ise olduk\u00e7a disiplinli bir performans sergileyen g\u00fc\u00e7l\u00fc kad\u0131nlar, trib\u00fcnleri dolduran taraftarlara adeta bir voleybol \u015f\u00f6leni ya\u015fatt\u0131. Ma\u00e7\u0131n ard\u0131ndan sporcular\u0131 tebrik eden Didim Belediye Ba\u015fkan\u0131 Hatice Gen\u00e7ay, &#8220;\u015eehrimizin gururu Didim Belediyespor Kad\u0131n Voleybol Tak\u0131m\u0131\u2019n\u0131 y\u00fcrekten kutluyorum. Sahaya koyduklar\u0131 enerji, disiplin ve m\u00fccadele ruhu ile Didim\u2019in ad\u0131n\u0131 bir kez daha gururla duyurdular. Ald\u0131klar\u0131 bu de\u011ferli galibiyet, tak\u0131m olman\u0131n, emek vermenin ve birlikte ba\u015farman\u0131n en g\u00fczel \u00f6rne\u011fidir. Teknik ekibi, sporcular\u0131m\u0131z\u0131 ve eme\u011fi ge\u00e7en herkesi tebrik ediyor; ba\u015far\u0131lar\u0131n\u0131n sezon boyunca artarak devam etmesini diliyorum. Didim her alanda oldu\u011fu gibi sporda da g\u00fc\u00e7l\u00fc olmaya devam edecek&#8221; dedi.<br \/><\/p>\n","protected":false},"excerpt":{"rendered":"<p>TVF Kad\u0131nlar 2. Ligi 7. Grup\u2019ta m\u00fccadele eden Didim Belediyespor, ligin 16. haftas\u0131nda kar\u015f\u0131 kar\u015f\u0131ya geldi\u011fi Gaziemir Belediyespor\u2019u 3-0 ma\u011flup ederek haftay\u0131 galibiyetle kapatt\u0131. Ma\u00e7 boyunca y\u00fcksek temposunu koruyan ve \u00fcst\u00fcn oyun anlay\u0131\u015f\u0131n\u0131 sahaya yans\u0131tan Didim temsilcisi, setlerin tamam\u0131nda rakibine bask\u0131 kurarak \u00fcst\u00fcnl\u00fc\u011f\u00fcn\u00fc hissettirdi. H\u00fccumda etkili, savunmada ise olduk\u00e7a disiplinli bir performans sergileyen g\u00fc\u00e7l\u00fc kad\u0131nlar,&#8230;<\/p>\n","protected":false},"author":1,"featured_media":73374,"comment_status":"open","ping_status":"open","sticky":false,"template":"","format":"standard","meta":{"_crdt_document":"","footnotes":""},"categories":[4],"tags":[],"class_list":["post-73373","post","type-post","status-publish","format-standard","has-post-thumbnail","hentry","category-spor"],"_links":{"self":[{"href":"https:\/\/www.egemtv.com\/index.php?rest_route=\/wp\/v2\/posts\/73373","targetHints":{"allow":["GET"]}}],"collection":[{"href":"https:\/\/www.egemtv.com\/index.php?rest_route=\/wp\/v2\/posts"}],"about":[{"href":"https:\/\/www.egemtv.com\/index.php?rest_route=\/wp\/v2\/types\/post"}],"author":[{"embeddable":true,"href":"https:\/\/www.egemtv.com\/index.php?rest_route=\/wp\/v2\/users\/1"}],"replies":[{"embeddable":true,"href":"https:\/\/www.egemtv.com\/index.php?rest_route=%2Fwp%2Fv2%2Fcomments&post=73373"}],"version-history":[{"count":1,"href":"https:\/\/www.egemtv.com\/index.php?rest_route=\/wp\/v2\/posts\/73373\/revisions"}],"predecessor-version":[{"id":73375,"href":"https:\/\/www.egemtv.com\/index.php?rest_route=\/wp\/v2\/posts\/73373\/revisions\/73375"}],"wp:featuredmedia":[{"embeddable":true,"href":"https:\/\/www.egemtv.com\/index.php?rest_route=\/wp\/v2\/media\/73374"}],"wp:attachment":[{"href":"https:\/\/www.egemtv.com\/index.php?rest_route=%2Fwp%2Fv2%2Fmedia&parent=73373"}],"wp:term":[{"taxonomy":"category","embeddable":true,"href":"https:\/\/www.egemtv.com\/index.php?rest_route=%2Fwp%2Fv2%2Fcategories&post=73373"},{"taxonomy":"post_tag","embeddable":true,"href":"https:\/\/www.egemtv.com\/index.php?rest_route=%2Fwp%2Fv2%2Ftags&post=73373"}],"curies":[{"name":"wp","href":"https:\/\/api.w.org\/{rel}","templated":true}]}}