{"id":73370,"date":"2025-12-11T09:16:42","date_gmt":"2025-12-11T06:16:42","guid":{"rendered":"https:\/\/www.egemtv.com\/?p=73370"},"modified":"2025-12-11T09:16:43","modified_gmt":"2025-12-11T06:16:43","slug":"denizlide-5-6-buyuklugunde-deprem-senaryosu-tatbikati","status":"publish","type":"post","link":"https:\/\/www.egemtv.com\/?p=73370","title":{"rendered":"Denizli\u2019de 5.6 b\u00fcy\u00fckl\u00fc\u011f\u00fcnde deprem senaryosu tatbikat\u0131"},"content":{"rendered":"<p>Denizli\u2019de ger\u00e7ekle\u015ftirilecek yerel d\u00fczey masaba\u015f\u0131 ve saha tatbikat\u0131nda 5.6 b\u00fcy\u00fckl\u00fc\u011f\u00fcndeki deprem senaryosu canland\u0131r\u0131ld\u0131. 5 il\u00e7ede y\u0131k\u0131m\u0131n ya\u015fand\u0131\u011f\u0131 senaryoda, enkaz alt\u0131nda kalan vatanda\u015flar kurtar\u0131ld\u0131.<\/p>\n<p>AFAD Ba\u015fkanl\u0131\u011f\u0131n\u0131n 2025 y\u0131l\u0131 tatbikat Program\u0131 kapsam\u0131nda Denizli\u2019de Yerel D\u00fczey Masaba\u015f\u0131 ve Saha Tatbikat\u0131 ger\u00e7ekle\u015ftirildi. Denizli\u2019nin Honaz il\u00e7esi Kocaba\u015f Mahallesi\u2019nde bulunan AFAD Lojistik Merkezinde ger\u00e7ekle\u015ftirilen deprem tatbikat\u0131nda haz\u0131rlanan senaryoya g\u00f6re; Denizli ilinde meydana gelen 5.6 b\u00fcy\u00fckl\u00fc\u011f\u00fcndeki deprem sonras\u0131 Merkezefendi, Pamukkale, Tavas, Serinhisar ve Honaz il\u00e7elerinde \u00e7e\u015fitli derecelerde hasar olu\u015ftu\u011fu varsay\u0131ld\u0131. Planlanan tatbikat \u00e7er\u00e7evesinde saat belirtilmeksizin Afet ve Acil Durum \u0130l M\u00fcd\u00fcrl\u00fc\u011f\u00fc taraf\u0131ndan tatbikat alarm\u0131 verildi.<\/p>\n<p>Tatbikata Denizli Valisi \u00d6mer Faruk Co\u015fkun ba\u015fkanl\u0131\u011f\u0131nda AFAD \u0130l M\u00fcd\u00fcrl\u00fc\u011f\u00fcnde olu\u015fturulan afet y\u00f6netim merkezinde yerel d\u00fczey afet grup y\u00f6neticileri ve \u00fcyeleri bir araya geldi. \u0130l ve il\u00e7e afet y\u00f6netim merkezlerinin \u015fekillendirildi\u011fi tatbikata AFAD ve UMKE\u2019nin yan\u0131 s\u0131ra kamu kurumlar\u0131 ile AKUT ve SAR gibi sivil toplum kurulu\u015flar\u0131 kat\u0131ld\u0131. Tatbikatta senaryo gere\u011fi enkaz alt\u0131nda kalanlar\u0131 arama kurtarma ekipleri enkaz alt\u0131nda kalanlar\u0131 ararken, yak\u0131nlar\u0131 g\u00f6zya\u015f\u0131 d\u00f6kt\u00fc. Jandarma ekipleri de enkaza girmeye \u00e7al\u0131\u015fanlar\u0131 engelledi. Ger\u00e7e\u011fi aratmayan tatbikatta, enkaz alt\u0131ndan kurtar\u0131lan ki\u015filer ambulanslarla hastanelere ta\u015f\u0131nd\u0131.<br \/><\/p>\n","protected":false},"excerpt":{"rendered":"<p>Denizli\u2019de ger\u00e7ekle\u015ftirilecek yerel d\u00fczey masaba\u015f\u0131 ve saha tatbikat\u0131nda 5.6 b\u00fcy\u00fckl\u00fc\u011f\u00fcndeki deprem senaryosu canland\u0131r\u0131ld\u0131. 5 il\u00e7ede y\u0131k\u0131m\u0131n ya\u015fand\u0131\u011f\u0131 senaryoda, enkaz alt\u0131nda kalan vatanda\u015flar kurtar\u0131ld\u0131. AFAD Ba\u015fkanl\u0131\u011f\u0131n\u0131n 2025 y\u0131l\u0131 tatbikat Program\u0131 kapsam\u0131nda Denizli\u2019de Yerel D\u00fczey Masaba\u015f\u0131 ve Saha Tatbikat\u0131 ger\u00e7ekle\u015ftirildi. Denizli\u2019nin Honaz il\u00e7esi Kocaba\u015f Mahallesi\u2019nde bulunan AFAD Lojistik Merkezinde ger\u00e7ekle\u015ftirilen deprem tatbikat\u0131nda haz\u0131rlanan senaryoya g\u00f6re; Denizli ilinde&#8230;<\/p>\n","protected":false},"author":1,"featured_media":73371,"comment_status":"open","ping_status":"open","sticky":false,"template":"","format":"standard","meta":{"_crdt_document":"","footnotes":""},"categories":[5],"tags":[],"class_list":["post-73370","post","type-post","status-publish","format-standard","has-post-thumbnail","hentry","category-asayis"],"_links":{"self":[{"href":"https:\/\/www.egemtv.com\/index.php?rest_route=\/wp\/v2\/posts\/73370","targetHints":{"allow":["GET"]}}],"collection":[{"href":"https:\/\/www.egemtv.com\/index.php?rest_route=\/wp\/v2\/posts"}],"about":[{"href":"https:\/\/www.egemtv.com\/index.php?rest_route=\/wp\/v2\/types\/post"}],"author":[{"embeddable":true,"href":"https:\/\/www.egemtv.com\/index.php?rest_route=\/wp\/v2\/users\/1"}],"replies":[{"embeddable":true,"href":"https:\/\/www.egemtv.com\/index.php?rest_route=%2Fwp%2Fv2%2Fcomments&post=73370"}],"version-history":[{"count":1,"href":"https:\/\/www.egemtv.com\/index.php?rest_route=\/wp\/v2\/posts\/73370\/revisions"}],"predecessor-version":[{"id":73372,"href":"https:\/\/www.egemtv.com\/index.php?rest_route=\/wp\/v2\/posts\/73370\/revisions\/73372"}],"wp:featuredmedia":[{"embeddable":true,"href":"https:\/\/www.egemtv.com\/index.php?rest_route=\/wp\/v2\/media\/73371"}],"wp:attachment":[{"href":"https:\/\/www.egemtv.com\/index.php?rest_route=%2Fwp%2Fv2%2Fmedia&parent=73370"}],"wp:term":[{"taxonomy":"category","embeddable":true,"href":"https:\/\/www.egemtv.com\/index.php?rest_route=%2Fwp%2Fv2%2Fcategories&post=73370"},{"taxonomy":"post_tag","embeddable":true,"href":"https:\/\/www.egemtv.com\/index.php?rest_route=%2Fwp%2Fv2%2Ftags&post=73370"}],"curies":[{"name":"wp","href":"https:\/\/api.w.org\/{rel}","templated":true}]}}