{"id":73364,"date":"2025-12-10T23:14:45","date_gmt":"2025-12-10T20:14:45","guid":{"rendered":"https:\/\/www.egemtv.com\/?p=73364"},"modified":"2025-12-10T23:14:46","modified_gmt":"2025-12-10T20:14:46","slug":"art-arda-yasanan-kopek-olumleri-sonrasi-muhtardan-yalvac-belediyesine-tepki","status":"publish","type":"post","link":"https:\/\/www.egemtv.com\/?p=73364","title":{"rendered":"Art arda ya\u015fanan k\u00f6pek \u00f6l\u00fcmleri sonras\u0131 muhtardan Yalva\u00e7 Belediyesi\u2019ne tepki"},"content":{"rendered":"<p>Isparta\u2019n\u0131n Yalva\u00e7 il\u00e7esindeki bir k\u00f6yde art arda ya\u015fanan k\u00f6pek \u00f6l\u00fcmlerine tepki g\u00f6steren k\u00f6y muhtar\u0131 Hasan Ayd\u0131n, Yalva\u00e7 Belediyesi\u2019nin konuya ilgisiz kald\u0131\u011f\u0131n\u0131 s\u00f6yledi. Ayd\u0131n, &#8220;3 ay \u00f6nce ba\u015f\u0131bo\u015f k\u00f6peklerin toplanmas\u0131 i\u00e7in t\u00fcm yetkililere ba\u015fvurdum. Yalva\u00e7 Belediyesi dahil herkes \u2018Arac\u0131m\u0131z yok, imk\u00e2n\u0131m\u0131z yok\u2019 dedi&#8221; ifadelerini kulland\u0131.<br \/>\n<br \/>Isparta\u2019n\u0131n Yalva\u00e7 il\u00e7esine ba\u011fl\u0131 Hisarard\u0131 k\u00f6y\u00fcnde ge\u00e7ti\u011fimiz g\u00fcnlerde art arda ya\u015fanan k\u00f6pek \u00f6l\u00fcmleri, k\u00f6yde b\u00fcy\u00fck tedirginlik olu\u015fturdu. Konuyla ilgili konu\u015fan K\u00f6y Muhtar\u0131 Hasan Ayd\u0131n, uzun s\u00fcredir sahipsiz k\u00f6pekler konusunda yard\u0131m istedi\u011fini ifade ederek, &#8220;K\u00f6y\u00fcmde son g\u00fcnlerde art arda k\u00f6pek \u00f6l\u00fcmleri ya\u015fan\u0131yor, zehirlenme iddialar\u0131 var. Bu durumla ilgili 3 ay \u00f6nce resmi ba\u015fvurumu yapt\u0131m. K\u00f6y\u00fcm\u00fczde \u00e7ok say\u0131da sahipsiz k\u00f6pek bulunuyor. \u0130l\u00e7eden gelenler, tarladan d\u00f6nenler, yolda yavrulayanlar derken say\u0131 her ge\u00e7en g\u00fcn artt\u0131. Yolda yavrulu k\u00f6peklerin ara\u00e7lara ve motosikletlere y\u00f6nelme riski oldu\u011funu daha \u00f6nce yetkililere defalarca bildirdim. Yavrular\u0131n ve annelerinin toplanmas\u0131n\u0131 istedim&#8221; dedi. Aydun, Yalva\u00e7 Belediyesi dahil herkesin \u2018Arac\u0131m\u0131z yok, imk\u00e2n\u0131m\u0131z yok\u2019 dedi\u011fini anlatt\u0131.<\/p>\n<p>&#8220;K\u00f6pekleri toplas\u0131nlar, bar\u0131naklara yerle\u015ftirsinler&#8221;<br \/>\n<br \/>37 k\u00f6yde k\u00f6peklerin topland\u0131\u011f\u0131n\u0131 fakat kendi k\u00f6y\u00fcnde durumun bu \u015fekilde olmad\u0131\u011f\u0131n\u0131 aktaran muhtar Ayd\u0131n, &#8220;K\u00f6y\u00fcm\u00fczden bir tane bile k\u00f6pek al\u0131nmad\u0131. 37 k\u00f6y\u00fcn k\u00f6pekleri topland\u0131, bir tek bizim k\u00f6y kald\u0131&#8221; ifadelerini kulland\u0131. Ayd\u0131n, &#8220;Bu yavrular\u0131n ve annelerinin toplan\u0131p g\u00fcvenli bir bar\u0131na\u011fa g\u00f6t\u00fcr\u00fclmesini istiyoruz. Orada bak\u0131ls\u0131nlar, beslensinler. Aksi halde bug\u00fcn birka\u00e7 k\u00f6pek \u00f6ld\u00fcyse yar\u0131n 400\u2019den fazlas\u0131 \u00f6lebilir. Gelsinler, k\u00f6pekleri toplas\u0131nlar, bar\u0131naklara yerle\u015ftirsinler. \u015eu anda k\u00f6y\u00fcn 4\u20135 farkl\u0131 noktas\u0131nda hem yeti\u015fkin k\u00f6pekler hem yavrular bulunuyor&#8221; dedi.<br \/><\/p>\n","protected":false},"excerpt":{"rendered":"<p>Isparta\u2019n\u0131n Yalva\u00e7 il\u00e7esindeki bir k\u00f6yde art arda ya\u015fanan k\u00f6pek \u00f6l\u00fcmlerine tepki g\u00f6steren k\u00f6y muhtar\u0131 Hasan Ayd\u0131n, Yalva\u00e7 Belediyesi\u2019nin konuya ilgisiz kald\u0131\u011f\u0131n\u0131 s\u00f6yledi. Ayd\u0131n, &#8220;3 ay \u00f6nce ba\u015f\u0131bo\u015f k\u00f6peklerin toplanmas\u0131 i\u00e7in t\u00fcm yetkililere ba\u015fvurdum. Yalva\u00e7 Belediyesi dahil herkes \u2018Arac\u0131m\u0131z yok, imk\u00e2n\u0131m\u0131z yok\u2019 dedi&#8221; ifadelerini kulland\u0131. Isparta\u2019n\u0131n Yalva\u00e7 il\u00e7esine ba\u011fl\u0131 Hisarard\u0131 k\u00f6y\u00fcnde ge\u00e7ti\u011fimiz g\u00fcnlerde art arda ya\u015fanan&#8230;<\/p>\n","protected":false},"author":1,"featured_media":73365,"comment_status":"open","ping_status":"open","sticky":false,"template":"","format":"standard","meta":{"_crdt_document":"","footnotes":""},"categories":[1],"tags":[],"class_list":["post-73364","post","type-post","status-publish","format-standard","has-post-thumbnail","hentry","category-guncel"],"_links":{"self":[{"href":"https:\/\/www.egemtv.com\/index.php?rest_route=\/wp\/v2\/posts\/73364","targetHints":{"allow":["GET"]}}],"collection":[{"href":"https:\/\/www.egemtv.com\/index.php?rest_route=\/wp\/v2\/posts"}],"about":[{"href":"https:\/\/www.egemtv.com\/index.php?rest_route=\/wp\/v2\/types\/post"}],"author":[{"embeddable":true,"href":"https:\/\/www.egemtv.com\/index.php?rest_route=\/wp\/v2\/users\/1"}],"replies":[{"embeddable":true,"href":"https:\/\/www.egemtv.com\/index.php?rest_route=%2Fwp%2Fv2%2Fcomments&post=73364"}],"version-history":[{"count":1,"href":"https:\/\/www.egemtv.com\/index.php?rest_route=\/wp\/v2\/posts\/73364\/revisions"}],"predecessor-version":[{"id":73366,"href":"https:\/\/www.egemtv.com\/index.php?rest_route=\/wp\/v2\/posts\/73364\/revisions\/73366"}],"wp:featuredmedia":[{"embeddable":true,"href":"https:\/\/www.egemtv.com\/index.php?rest_route=\/wp\/v2\/media\/73365"}],"wp:attachment":[{"href":"https:\/\/www.egemtv.com\/index.php?rest_route=%2Fwp%2Fv2%2Fmedia&parent=73364"}],"wp:term":[{"taxonomy":"category","embeddable":true,"href":"https:\/\/www.egemtv.com\/index.php?rest_route=%2Fwp%2Fv2%2Fcategories&post=73364"},{"taxonomy":"post_tag","embeddable":true,"href":"https:\/\/www.egemtv.com\/index.php?rest_route=%2Fwp%2Fv2%2Ftags&post=73364"}],"curies":[{"name":"wp","href":"https:\/\/api.w.org\/{rel}","templated":true}]}}