{"id":73361,"date":"2025-12-10T23:14:44","date_gmt":"2025-12-10T20:14:44","guid":{"rendered":"https:\/\/www.egemtv.com\/?p=73361"},"modified":"2025-12-10T23:14:45","modified_gmt":"2025-12-10T20:14:45","slug":"is-hanini-alevler-sardi-itfaiye-12-kisiyi-kurtardi","status":"publish","type":"post","link":"https:\/\/www.egemtv.com\/?p=73361","title":{"rendered":"\u0130\u015f han\u0131n\u0131 alevler sard\u0131, itfaiye 12 ki\u015fiyi kurtard\u0131"},"content":{"rendered":"<p>\u0130zmir\u2019in Bornova il\u00e7esinde 7 katl\u0131 bir i\u015f han\u0131nda \u00e7\u0131kan yang\u0131n pani\u011fe neden oldu. Binada mahsur kalan 12 ki\u015fi itfaiye ekiplerince tahliye edilirken, alevler k\u0131sa s\u00fcrede kontrol alt\u0131na al\u0131nd\u0131.<br \/>\n<br \/>\u0130zmir\u2019in Bornova il\u00e7esine ba\u011fl\u0131 Y\u0131ld\u0131r\u0131m Beyaz\u0131t Mahallesi Fatih Caddesi \u00fczerinde bulunan 7 katl\u0131 bir i\u015f han\u0131n\u0131n 2. kat\u0131nda, saat 15.30 s\u0131ralar\u0131nda hen\u00fcz bilinmeyen bir nedenle yang\u0131n \u00e7\u0131kt\u0131. \u0130hbar \u00fczerine olay yerine 12 ara\u00e7 ve personel ile \u0130zmir B\u00fcy\u00fck\u015fehir Belediyesi \u0130tfaiye Dairesi Ba\u015fkanl\u0131\u011f\u0131 ekipleri sevk edildi. \u0130tfaiye ekipleri, binada yapt\u0131klar\u0131 incelemede i\u015f han\u0131n\u0131n \u00e7e\u015fitli katlar\u0131nda 12 vatanda\u015f\u0131n mahsur kald\u0131\u011f\u0131n\u0131 belirledi. Bir yandan arama\u2013kurtarma, di\u011fer yandan s\u00f6nd\u00fcrme \u00e7al\u0131\u015fmalar\u0131 y\u00fcr\u00fcten ekipler yo\u011fun \u00e7aba sonucu vatanda\u015flar\u0131 bulunduklar\u0131 yerden g\u00fcvenli \u015fekilde tahliye etti. Yang\u0131n, ekiplerin m\u00fcdahalesiyle yakla\u015f\u0131k 12 dakika i\u00e7inde kontrol alt\u0131na al\u0131nd\u0131. Olayda yaralanma ya da can kayb\u0131 ya\u015fanmad\u0131. Olayla ilgili inceleme ba\u015flat\u0131ld\u0131.<br \/><\/p>\n","protected":false},"excerpt":{"rendered":"<p>\u0130zmir\u2019in Bornova il\u00e7esinde 7 katl\u0131 bir i\u015f han\u0131nda \u00e7\u0131kan yang\u0131n pani\u011fe neden oldu. Binada mahsur kalan 12 ki\u015fi itfaiye ekiplerince tahliye edilirken, alevler k\u0131sa s\u00fcrede kontrol alt\u0131na al\u0131nd\u0131. \u0130zmir\u2019in Bornova il\u00e7esine ba\u011fl\u0131 Y\u0131ld\u0131r\u0131m Beyaz\u0131t Mahallesi Fatih Caddesi \u00fczerinde bulunan 7 katl\u0131 bir i\u015f han\u0131n\u0131n 2. kat\u0131nda, saat 15.30 s\u0131ralar\u0131nda hen\u00fcz bilinmeyen bir nedenle yang\u0131n \u00e7\u0131kt\u0131&#8230;.<\/p>\n","protected":false},"author":1,"featured_media":73362,"comment_status":"open","ping_status":"open","sticky":false,"template":"","format":"standard","meta":{"_crdt_document":"","footnotes":""},"categories":[5],"tags":[],"class_list":["post-73361","post","type-post","status-publish","format-standard","has-post-thumbnail","hentry","category-asayis"],"_links":{"self":[{"href":"https:\/\/www.egemtv.com\/index.php?rest_route=\/wp\/v2\/posts\/73361","targetHints":{"allow":["GET"]}}],"collection":[{"href":"https:\/\/www.egemtv.com\/index.php?rest_route=\/wp\/v2\/posts"}],"about":[{"href":"https:\/\/www.egemtv.com\/index.php?rest_route=\/wp\/v2\/types\/post"}],"author":[{"embeddable":true,"href":"https:\/\/www.egemtv.com\/index.php?rest_route=\/wp\/v2\/users\/1"}],"replies":[{"embeddable":true,"href":"https:\/\/www.egemtv.com\/index.php?rest_route=%2Fwp%2Fv2%2Fcomments&post=73361"}],"version-history":[{"count":1,"href":"https:\/\/www.egemtv.com\/index.php?rest_route=\/wp\/v2\/posts\/73361\/revisions"}],"predecessor-version":[{"id":73363,"href":"https:\/\/www.egemtv.com\/index.php?rest_route=\/wp\/v2\/posts\/73361\/revisions\/73363"}],"wp:featuredmedia":[{"embeddable":true,"href":"https:\/\/www.egemtv.com\/index.php?rest_route=\/wp\/v2\/media\/73362"}],"wp:attachment":[{"href":"https:\/\/www.egemtv.com\/index.php?rest_route=%2Fwp%2Fv2%2Fmedia&parent=73361"}],"wp:term":[{"taxonomy":"category","embeddable":true,"href":"https:\/\/www.egemtv.com\/index.php?rest_route=%2Fwp%2Fv2%2Fcategories&post=73361"},{"taxonomy":"post_tag","embeddable":true,"href":"https:\/\/www.egemtv.com\/index.php?rest_route=%2Fwp%2Fv2%2Ftags&post=73361"}],"curies":[{"name":"wp","href":"https:\/\/api.w.org\/{rel}","templated":true}]}}